{"id":2667,"date":"2024-08-31T11:51:25","date_gmt":"2024-08-31T14:51:25","guid":{"rendered":"https:\/\/www.animaco.net\/?p=2667"},"modified":"2024-08-31T11:51:25","modified_gmt":"2024-08-31T14:51:25","slug":"stand-de-hologramas-para-ferias","status":"publish","type":"post","link":"https:\/\/www.animaco.net\/en\/stand-de-hologramas-para-ferias\/","title":{"rendered":"Stand de Hologramas para Ferias"},"content":{"rendered":"<p>\u00bfEst\u00e1s buscando una forma innovadora y llamativa de destacarte en tu pr\u00f3xima feria o evento? \u00a1Los hologramas de Animaco son la soluci\u00f3n perfecta! Nuestra tecnolog\u00eda hologr\u00e1fica puede transformar tu stand en un centro de atracci\u00f3n inigualable, captando la atenci\u00f3n de todos los asistentes y dejando una impresi\u00f3n duradera.<\/p><p>En Animaco, ofrecemos una variedad de hologramas que se adaptan a las necesidades espec\u00edficas de cualquier feria o evento:<\/p><h2>Hologramas de Mesa<\/h2><p>Estos equipos compactos son ideales para espacios limitados. Pueden mostrar productos flotando, logos y animaciones que interact\u00faan con objetos f\u00edsicos colocados dentro del m\u00f3dulo. Son perfectos para stands en ferias comerciales, exposiciones y eventos en universidades.<\/p><p>Una excelente opci\u00f3n es el <strong>M\u00f3dulo Cubo<\/strong>, que ofrece visualizaci\u00f3n frontal y puede adaptarse a cualquier superficie, desde mesas bajas hasta totems:<\/p>\n<iframe loading=\"lazy\" title=\"M\u00f3dulo Hologr\u00e1fico MD02 | Servicio de flebolinfolog\u00eda | @Fundaci\u00f3n Favaloro\" width=\"1080\" height=\"608\" src=\"https:\/\/www.youtube.com\/embed\/ARQ3nENxZZI?feature=oembed\" frameborder=\"0\" allow=\"accelerometer; autoplay; clipboard-write; encrypted-media; gyroscope; picture-in-picture; web-share\" referrerpolicy=\"strict-origin-when-cross-origin\" allowfullscreen><\/iframe>\n<p>Otra alternativa es el <strong>M\u00f3dulo Zeta<\/strong>, con una est\u00e9tica m\u00e1s futurista y un \u00e1ngulo de visi\u00f3n mejorado, ideal para eventos comerciales:<\/p>\n<iframe loading=\"lazy\" title=\"Holografia Portable - Animaco en Digital Summit 2018\" width=\"1080\" height=\"608\" src=\"https:\/\/www.youtube.com\/embed\/ZcQnIu7lGPs?feature=oembed\" frameborder=\"0\" allow=\"accelerometer; autoplay; clipboard-write; encrypted-media; gyroscope; picture-in-picture; web-share\" referrerpolicy=\"strict-origin-when-cross-origin\" allowfullscreen><\/iframe>\n<h2>Hologramas de Pie<\/h2><p>Estos hologramas, de tama\u00f1o real, resultan impactantes y son perfectos para ferias y exposiciones que requieren una presencia destacada. Pueden utilizarse como presentadores hologr\u00e1ficos o para saludar a los visitantes.<\/p><p>El <strong>Marco Hologr\u00e1fico<\/strong> es un ejemplo destacado, proporcionando una pantalla hologr\u00e1fica de cuerpo completo. Es ideal para bienvenidas y presentaciones en ferias:<\/p>\n<iframe loading=\"lazy\" title=\"Holograma en vivo en BBVA Talent Week\" width=\"1080\" height=\"608\" src=\"https:\/\/www.youtube.com\/embed\/ppByVsR-XbI?feature=oembed\" frameborder=\"0\" allow=\"accelerometer; autoplay; clipboard-write; encrypted-media; gyroscope; picture-in-picture; web-share\" referrerpolicy=\"strict-origin-when-cross-origin\" allowfullscreen><\/iframe>\n<p>La <strong>Silueta Hologr\u00e1fica<\/strong> ofrece una forma estilizada y futurista, perfecta para eventos corporativos y stands innovadores:<\/p>\nhttps:\/\/www.youtube.com\/watch?v=hSA5wbQcCp4\n<h2>Casos de \u00c9xito<\/h2><p>Nuestros hologramas han sido utilizados con \u00e9xito en m\u00faltiples eventos:<\/p><ul><li>Durante la <a href='https:\/\/exporealestate.com.ar\/' target='_blank' rel=\"nofollow noopener\">Expo Real State Argentina<\/a>, <a href='https:\/\/www.tizado.com.ar\/' target='_blank' rel=\"nofollow noopener\">Tizado Propiedades<\/a> utiliz\u00f3 un <strong>M\u00f3dulo Zeta<\/strong> para mostrar desarrollos inmobiliarios de manera innovadora:<\/li><\/ul>\n<iframe loading=\"lazy\" title=\"Maquetas Hologr\u00e1ficas en Expo Real State Argentina\" width=\"1080\" height=\"608\" src=\"https:\/\/www.youtube.com\/embed\/MVntA0d9nws?feature=oembed\" frameborder=\"0\" allow=\"accelerometer; autoplay; clipboard-write; encrypted-media; gyroscope; picture-in-picture; web-share\" referrerpolicy=\"strict-origin-when-cross-origin\" allowfullscreen><\/iframe>\n<ul><li>En la semana de la detecci\u00f3n de la enfermedad venosa y linf\u00e1tica de la <a href='https:\/\/www.fundacionfavaloro.org\/' target='_blank' rel=\"nofollow noopener\">Fundaci\u00f3n Favaloro<\/a>, un <strong>M\u00f3dulo Cubo<\/strong> mostr\u00f3 informaci\u00f3n relevante y el logo de la fundaci\u00f3n:<\/li><\/ul>\n<iframe loading=\"lazy\" title=\"M\u00f3dulo Hologr\u00e1fico MD02 | Servicio de flebolinfolog\u00eda | @Fundaci\u00f3n Favaloro\" width=\"1080\" height=\"608\" src=\"https:\/\/www.youtube.com\/embed\/ARQ3nENxZZI?feature=oembed\" frameborder=\"0\" allow=\"accelerometer; autoplay; clipboard-write; encrypted-media; gyroscope; picture-in-picture; web-share\" referrerpolicy=\"strict-origin-when-cross-origin\" allowfullscreen><\/iframe>\n<ul><li>En la <a href='https:\/\/www.uca.edu.ar\/' target='_blank' rel=\"nofollow noopener\">UCASAL<\/a>, desarrollamos un sistema de transmisi\u00f3n en vivo, permitiendo a speakers internacionales interactuar con el p\u00fablico de manera hologr\u00e1fica:<\/li><\/ul>\n<iframe loading=\"lazy\" title=\"Holograma Interactivo en vivo\" width=\"1080\" height=\"608\" src=\"https:\/\/www.youtube.com\/embed\/Hg6XeEC72Fc?feature=oembed\" frameborder=\"0\" allow=\"accelerometer; autoplay; clipboard-write; encrypted-media; gyroscope; picture-in-picture; web-share\" referrerpolicy=\"strict-origin-when-cross-origin\" allowfullscreen><\/iframe>\n<p>Si est\u00e1s interesado en llevar tu stand de feria al pr\u00f3ximo nivel con nuestros hologramas de vanguardia, \u00a1no dudes en pedir una cotizaci\u00f3n!<\/p><p><img src='https:\/\/www.animaco.net\/wp-content\/uploads\/2024\/08\/animaco-en-a24.jpg' alt='Cofundadores de ANIMACO'><\/p>","protected":false},"excerpt":{"rendered":"<p>\u00bfEst\u00e1s buscando una forma innovadora y llamativa de destacarte en tu pr\u00f3xima feria o evento? \u00a1Los hologramas de Animaco son la soluci\u00f3n perfecta! Nuestra tecnolog\u00eda hologr\u00e1fica puede transformar tu stand&#8230;<\/p>","protected":false},"author":3,"featured_media":0,"comment_status":"open","ping_status":"open","sticky":false,"template":"","format":"standard","meta":[],"categories":[178],"tags":[423,425,424,422,420,61,426,375,421,91],"yoast_head":"<!-- This site is optimized with the Yoast SEO Premium plugin v16.9 (Yoast SEO v16.9) - https:\/\/yoast.com\/wordpress\/plugins\/seo\/ -->\n<title>Stand de Hologramas para Ferias - Animaco<\/title>\n<meta name=\"description\" content=\"Captura la atenci\u00f3n en ferias comerciales con stands hologr\u00e1ficos \u00fanicos.\" \/>\n<meta name=\"robots\" content=\"index, follow, max-snippet:-1, max-image-preview:large, max-video-preview:-1\" \/>\n<link rel=\"canonical\" href=\"https:\/\/www.animaco.net\/en\/stand-de-hologramas-para-ferias\/\" \/>\n<meta property=\"og:locale\" content=\"en_US\" \/>\n<meta property=\"og:type\" content=\"article\" \/>\n<meta property=\"og:title\" content=\"Stand de Hologramas para Ferias\" \/>\n<meta property=\"og:description\" content=\"Captura la atenci\u00f3n en ferias comerciales con stands hologr\u00e1ficos \u00fanicos.\" \/>\n<meta property=\"og:url\" content=\"https:\/\/www.animaco.net\/en\/stand-de-hologramas-para-ferias\/\" \/>\n<meta property=\"og:site_name\" content=\"Animaco\" \/>\n<meta property=\"article:publisher\" content=\"https:\/\/www.facebook.com\/Animaconet\" \/>\n<meta property=\"article:published_time\" content=\"2024-08-31T14:51:25+00:00\" \/>\n<meta property=\"og:image\" content=\"https:\/\/www.animaco.net\/wp-content\/uploads\/2024\/08\/animaco-en-a24.jpg\" \/>\n<meta name=\"twitter:card\" content=\"summary_large_image\" \/>\n<meta name=\"twitter:label1\" content=\"Written by\" \/>\n\t<meta name=\"twitter:data1\" content=\"Animaco\" \/>\n\t<meta name=\"twitter:label2\" content=\"Est. reading time\" \/>\n\t<meta name=\"twitter:data2\" content=\"2 minutes\" \/>\n<script type=\"application\/ld+json\" class=\"yoast-schema-graph\">{\"@context\":\"https:\/\/schema.org\",\"@graph\":[{\"@type\":\"Organization\",\"@id\":\"https:\/\/www.animaco.net\/#organization\",\"name\":\"Animaco\",\"url\":\"https:\/\/www.animaco.net\/\",\"sameAs\":[\"https:\/\/www.facebook.com\/Animaconet\",\"https:\/\/www.instagram.com\/animaconet\",\"https:\/\/www.linkedin.com\/company\/71689351\",\"https:\/\/www.youtube.com\/@AnimacoNett\"],\"logo\":{\"@type\":\"ImageObject\",\"@id\":\"https:\/\/www.animaco.net\/#logo\",\"inLanguage\":\"en-US\",\"url\":\"https:\/\/www.animaco.net\/wp-content\/uploads\/2018\/04\/animaco-logo-2017-min.png\",\"contentUrl\":\"https:\/\/www.animaco.net\/wp-content\/uploads\/2018\/04\/animaco-logo-2017-min.png\",\"width\":121,\"height\":34,\"caption\":\"Animaco\"},\"image\":{\"@id\":\"https:\/\/www.animaco.net\/#logo\"}},{\"@type\":\"WebSite\",\"@id\":\"https:\/\/www.animaco.net\/#website\",\"url\":\"https:\/\/www.animaco.net\/\",\"name\":\"Animaco\",\"description\":\"Animaco crea experiencias totalmente futuristas y desarrolla proyectos innovadores con el uso de nuevas tecnolog\\u00edas\",\"publisher\":{\"@id\":\"https:\/\/www.animaco.net\/#organization\"},\"potentialAction\":[{\"@type\":\"SearchAction\",\"target\":{\"@type\":\"EntryPoint\",\"urlTemplate\":\"https:\/\/www.animaco.net\/?s={search_term_string}\"},\"query-input\":\"required name=search_term_string\"}],\"inLanguage\":\"en-US\"},{\"@type\":\"ImageObject\",\"@id\":\"https:\/\/www.animaco.net\/stand-de-hologramas-para-ferias\/#primaryimage\",\"inLanguage\":\"en-US\",\"url\":\"https:\/\/www.animaco.net\/wp-content\/uploads\/2024\/08\/animaco-en-a24.jpg\",\"contentUrl\":\"https:\/\/www.animaco.net\/wp-content\/uploads\/2024\/08\/animaco-en-a24.jpg\",\"width\":1500,\"height\":844,\"caption\":\"Marcelo y Tom\\u00e1s Trejo, co-fundadores de Animaco\"},{\"@type\":[\"WebPage\",\"ItemPage\"],\"@id\":\"https:\/\/www.animaco.net\/stand-de-hologramas-para-ferias\/#webpage\",\"url\":\"https:\/\/www.animaco.net\/stand-de-hologramas-para-ferias\/\",\"name\":\"Stand de Hologramas para Ferias - Animaco\",\"isPartOf\":{\"@id\":\"https:\/\/www.animaco.net\/#website\"},\"primaryImageOfPage\":{\"@id\":\"https:\/\/www.animaco.net\/stand-de-hologramas-para-ferias\/#primaryimage\"},\"datePublished\":\"2024-08-31T14:51:25+00:00\",\"dateModified\":\"2024-08-31T14:51:25+00:00\",\"description\":\"Captura la atenci\\u00f3n en ferias comerciales con stands hologr\\u00e1ficos \\u00fanicos.\",\"breadcrumb\":{\"@id\":\"https:\/\/www.animaco.net\/stand-de-hologramas-para-ferias\/#breadcrumb\"},\"inLanguage\":\"en-US\",\"potentialAction\":[{\"@type\":\"ReadAction\",\"target\":[\"https:\/\/www.animaco.net\/stand-de-hologramas-para-ferias\/\"]}]},{\"@type\":\"BreadcrumbList\",\"@id\":\"https:\/\/www.animaco.net\/stand-de-hologramas-para-ferias\/#breadcrumb\",\"itemListElement\":[{\"@type\":\"ListItem\",\"position\":1,\"name\":\"Inicio\",\"item\":\"https:\/\/www.animaco.net\/\"},{\"@type\":\"ListItem\",\"position\":2,\"name\":\"Hologramas\",\"item\":\"https:\/\/www.animaco.net\/category\/hologramas\/\"},{\"@type\":\"ListItem\",\"position\":3,\"name\":\"Stand de Hologramas para Ferias\"}]},{\"@type\":\"Article\",\"@id\":\"https:\/\/www.animaco.net\/stand-de-hologramas-para-ferias\/#article\",\"isPartOf\":{\"@id\":\"https:\/\/www.animaco.net\/stand-de-hologramas-para-ferias\/#webpage\"},\"author\":{\"@id\":\"https:\/\/www.animaco.net\/#\/schema\/person\/fae70956890529fc87db32536fb5ee0b\"},\"headline\":\"Stand de Hologramas para Ferias\",\"datePublished\":\"2024-08-31T14:51:25+00:00\",\"dateModified\":\"2024-08-31T14:51:25+00:00\",\"mainEntityOfPage\":{\"@id\":\"https:\/\/www.animaco.net\/stand-de-hologramas-para-ferias\/#webpage\"},\"wordCount\":421,\"commentCount\":0,\"publisher\":{\"@id\":\"https:\/\/www.animaco.net\/#organization\"},\"image\":{\"@id\":\"https:\/\/www.animaco.net\/stand-de-hologramas-para-ferias\/#primaryimage\"},\"thumbnailUrl\":\"https:\/\/www.animaco.net\/wp-content\/uploads\/2024\/08\/animaco-en-a24.jpg\",\"keywords\":[\"animaci\\u00f3n 3D ferias\",\"captaci\\u00f3n de atenci\\u00f3n eventos\",\"eventos comerciales innovadores\",\"exhibiciones tecnol\\u00f3gicas\",\"hologramas ferias\",\"presentaciones hologr\\u00e1ficas\",\"producci\\u00f3n de ferias\",\"stand interactivo\",\"stands hologr\\u00e1ficos\",\"tecnolog\\u00eda de eventos\"],\"articleSection\":[\"Hologramas\"],\"inLanguage\":\"en-US\",\"potentialAction\":[{\"@type\":\"CommentAction\",\"name\":\"Comment\",\"target\":[\"https:\/\/www.animaco.net\/stand-de-hologramas-para-ferias\/#respond\"]}]},{\"@type\":\"Person\",\"@id\":\"https:\/\/www.animaco.net\/#\/schema\/person\/fae70956890529fc87db32536fb5ee0b\",\"name\":\"Animaco\",\"image\":{\"@type\":\"ImageObject\",\"@id\":\"https:\/\/www.animaco.net\/#personlogo\",\"inLanguage\":\"en-US\",\"url\":\"https:\/\/secure.gravatar.com\/avatar\/5b52c88852799c7afd8876740f0271db?s=96&d=mm&r=g\",\"contentUrl\":\"https:\/\/secure.gravatar.com\/avatar\/5b52c88852799c7afd8876740f0271db?s=96&d=mm&r=g\",\"caption\":\"Animaco\"},\"description\":\"Tecnolog\\u00edas Futuras\",\"sameAs\":[\"https:\/\/animaco.net\"]}]}<\/script>\n<!-- \/ Yoast SEO Premium plugin. -->","yoast_head_json":{"title":"Stand de Hologramas para Ferias - Animaco","description":"Captura la atenci\u00f3n en ferias comerciales con stands hologr\u00e1ficos \u00fanicos.","robots":{"index":"index","follow":"follow","max-snippet":"max-snippet:-1","max-image-preview":"max-image-preview:large","max-video-preview":"max-video-preview:-1"},"canonical":"https:\/\/www.animaco.net\/en\/stand-de-hologramas-para-ferias\/","og_locale":"en_US","og_type":"article","og_title":"Stand de Hologramas para Ferias","og_description":"Captura la atenci\u00f3n en ferias comerciales con stands hologr\u00e1ficos \u00fanicos.","og_url":"https:\/\/www.animaco.net\/en\/stand-de-hologramas-para-ferias\/","og_site_name":"Animaco","article_publisher":"https:\/\/www.facebook.com\/Animaconet","article_published_time":"2024-08-31T14:51:25+00:00","og_image":[{"url":"https:\/\/www.animaco.net\/wp-content\/uploads\/2024\/08\/animaco-en-a24.jpg"}],"twitter_card":"summary_large_image","twitter_misc":{"Written by":"Animaco","Est. reading time":"2 minutes"},"schema":{"@context":"https:\/\/schema.org","@graph":[{"@type":"Organization","@id":"https:\/\/www.animaco.net\/#organization","name":"Animaco","url":"https:\/\/www.animaco.net\/","sameAs":["https:\/\/www.facebook.com\/Animaconet","https:\/\/www.instagram.com\/animaconet","https:\/\/www.linkedin.com\/company\/71689351","https:\/\/www.youtube.com\/@AnimacoNett"],"logo":{"@type":"ImageObject","@id":"https:\/\/www.animaco.net\/#logo","inLanguage":"en-US","url":"https:\/\/www.animaco.net\/wp-content\/uploads\/2018\/04\/animaco-logo-2017-min.png","contentUrl":"https:\/\/www.animaco.net\/wp-content\/uploads\/2018\/04\/animaco-logo-2017-min.png","width":121,"height":34,"caption":"Animaco"},"image":{"@id":"https:\/\/www.animaco.net\/#logo"}},{"@type":"WebSite","@id":"https:\/\/www.animaco.net\/#website","url":"https:\/\/www.animaco.net\/","name":"Animaco","description":"Animaco crea experiencias totalmente futuristas y desarrolla proyectos innovadores con el uso de nuevas tecnolog\u00edas","publisher":{"@id":"https:\/\/www.animaco.net\/#organization"},"potentialAction":[{"@type":"SearchAction","target":{"@type":"EntryPoint","urlTemplate":"https:\/\/www.animaco.net\/?s={search_term_string}"},"query-input":"required name=search_term_string"}],"inLanguage":"en-US"},{"@type":"ImageObject","@id":"https:\/\/www.animaco.net\/stand-de-hologramas-para-ferias\/#primaryimage","inLanguage":"en-US","url":"https:\/\/www.animaco.net\/wp-content\/uploads\/2024\/08\/animaco-en-a24.jpg","contentUrl":"https:\/\/www.animaco.net\/wp-content\/uploads\/2024\/08\/animaco-en-a24.jpg","width":1500,"height":844,"caption":"Marcelo y Tom\u00e1s Trejo, co-fundadores de Animaco"},{"@type":["WebPage","ItemPage"],"@id":"https:\/\/www.animaco.net\/stand-de-hologramas-para-ferias\/#webpage","url":"https:\/\/www.animaco.net\/stand-de-hologramas-para-ferias\/","name":"Stand de Hologramas para Ferias - Animaco","isPartOf":{"@id":"https:\/\/www.animaco.net\/#website"},"primaryImageOfPage":{"@id":"https:\/\/www.animaco.net\/stand-de-hologramas-para-ferias\/#primaryimage"},"datePublished":"2024-08-31T14:51:25+00:00","dateModified":"2024-08-31T14:51:25+00:00","description":"Captura la atenci\u00f3n en ferias comerciales con stands hologr\u00e1ficos \u00fanicos.","breadcrumb":{"@id":"https:\/\/www.animaco.net\/stand-de-hologramas-para-ferias\/#breadcrumb"},"inLanguage":"en-US","potentialAction":[{"@type":"ReadAction","target":["https:\/\/www.animaco.net\/stand-de-hologramas-para-ferias\/"]}]},{"@type":"BreadcrumbList","@id":"https:\/\/www.animaco.net\/stand-de-hologramas-para-ferias\/#breadcrumb","itemListElement":[{"@type":"ListItem","position":1,"name":"Inicio","item":"https:\/\/www.animaco.net\/"},{"@type":"ListItem","position":2,"name":"Hologramas","item":"https:\/\/www.animaco.net\/category\/hologramas\/"},{"@type":"ListItem","position":3,"name":"Stand de Hologramas para Ferias"}]},{"@type":"Article","@id":"https:\/\/www.animaco.net\/stand-de-hologramas-para-ferias\/#article","isPartOf":{"@id":"https:\/\/www.animaco.net\/stand-de-hologramas-para-ferias\/#webpage"},"author":{"@id":"https:\/\/www.animaco.net\/#\/schema\/person\/fae70956890529fc87db32536fb5ee0b"},"headline":"Stand de Hologramas para Ferias","datePublished":"2024-08-31T14:51:25+00:00","dateModified":"2024-08-31T14:51:25+00:00","mainEntityOfPage":{"@id":"https:\/\/www.animaco.net\/stand-de-hologramas-para-ferias\/#webpage"},"wordCount":421,"commentCount":0,"publisher":{"@id":"https:\/\/www.animaco.net\/#organization"},"image":{"@id":"https:\/\/www.animaco.net\/stand-de-hologramas-para-ferias\/#primaryimage"},"thumbnailUrl":"https:\/\/www.animaco.net\/wp-content\/uploads\/2024\/08\/animaco-en-a24.jpg","keywords":["animaci\u00f3n 3D ferias","captaci\u00f3n de atenci\u00f3n eventos","eventos comerciales innovadores","exhibiciones tecnol\u00f3gicas","hologramas ferias","presentaciones hologr\u00e1ficas","producci\u00f3n de ferias","stand interactivo","stands hologr\u00e1ficos","tecnolog\u00eda de eventos"],"articleSection":["Hologramas"],"inLanguage":"en-US","potentialAction":[{"@type":"CommentAction","name":"Comment","target":["https:\/\/www.animaco.net\/stand-de-hologramas-para-ferias\/#respond"]}]},{"@type":"Person","@id":"https:\/\/www.animaco.net\/#\/schema\/person\/fae70956890529fc87db32536fb5ee0b","name":"Animaco","image":{"@type":"ImageObject","@id":"https:\/\/www.animaco.net\/#personlogo","inLanguage":"en-US","url":"https:\/\/secure.gravatar.com\/avatar\/5b52c88852799c7afd8876740f0271db?s=96&d=mm&r=g","contentUrl":"https:\/\/secure.gravatar.com\/avatar\/5b52c88852799c7afd8876740f0271db?s=96&d=mm&r=g","caption":"Animaco"},"description":"Tecnolog\u00edas Futuras","sameAs":["https:\/\/animaco.net"]}]}},"_links":{"self":[{"href":"https:\/\/www.animaco.net\/en\/wp-json\/wp\/v2\/posts\/2667"}],"collection":[{"href":"https:\/\/www.animaco.net\/en\/wp-json\/wp\/v2\/posts"}],"about":[{"href":"https:\/\/www.animaco.net\/en\/wp-json\/wp\/v2\/types\/post"}],"author":[{"embeddable":true,"href":"https:\/\/www.animaco.net\/en\/wp-json\/wp\/v2\/users\/3"}],"replies":[{"embeddable":true,"href":"https:\/\/www.animaco.net\/en\/wp-json\/wp\/v2\/comments?post=2667"}],"version-history":[{"count":0,"href":"https:\/\/www.animaco.net\/en\/wp-json\/wp\/v2\/posts\/2667\/revisions"}],"wp:attachment":[{"href":"https:\/\/www.animaco.net\/en\/wp-json\/wp\/v2\/media?parent=2667"}],"wp:term":[{"taxonomy":"category","embeddable":true,"href":"https:\/\/www.animaco.net\/en\/wp-json\/wp\/v2\/categories?post=2667"},{"taxonomy":"post_tag","embeddable":true,"href":"https:\/\/www.animaco.net\/en\/wp-json\/wp\/v2\/tags?post=2667"}],"curies":[{"name":"wp","href":"https:\/\/api.w.org\/{rel}","templated":true}]}}