{"id":2783,"date":"2024-09-14T19:17:08","date_gmt":"2024-09-14T22:17:08","guid":{"rendered":"https:\/\/www.animaco.net\/?p=2783"},"modified":"2024-09-14T19:17:08","modified_gmt":"2024-09-14T22:17:08","slug":"alquiler-hologramas-ferias-exhibiciones","status":"publish","type":"post","link":"https:\/\/www.animaco.net\/en\/alquiler-hologramas-ferias-exhibiciones\/","title":{"rendered":"Alquiler de Hologramas para Ferias y Exhibiciones"},"content":{"rendered":"<p>En Animaco, llevamos a\u00f1os sorprendiendo a nuestros clientes con soluciones tecnol\u00f3gicas innovadoras, y una de nuestras especialidades es el alquiler de hologramas para ferias y exhibiciones. Estos dispositivos no solo captan la atenci\u00f3n de todos los presentes, sino que tambi\u00e9n crean una experiencia memorable que deja una impresi\u00f3n duradera. Vamos a contarte un poco m\u00e1s sobre nuestras opciones y c\u00f3mo podemos ayudarte a destacar en tu pr\u00f3ximo evento.<\/p><p><strong>\u00bfPor qu\u00e9 elegir hologramas para tu feria o exhibici\u00f3n?<\/strong><\/p><ul><li><strong>Capta la atenci\u00f3n de los visitantes:<\/strong> Los hologramas son una forma innovadora y futurista de presentar tu producto o servicio, asegurando que tu stand sea el centro de atenci\u00f3n.<\/li><li><strong>Dise\u00f1os personalizados:<\/strong> Adaptamos tanto la est\u00e9tica del equipo como los dise\u00f1os a mostrar, para que se ajusten perfectamente a tu marca.<\/li><li><strong>Interactividad:<\/strong> Nuestros hologramas pueden interactuar con los visitantes mediante control por voz, gestos, smartphones y m\u00e1s.<\/li><li><strong>Alta portabilidad:<\/strong> Dise\u00f1ados para ser transportados f\u00e1cilmente, nuestros hologramas son ideales para eventos itinerantes.<\/li><\/ul><p><strong>Modelos de Hologramas ideales para ferias y exhibiciones<\/strong><\/p><p><em><strong>Hologramas de Mesa<\/strong><\/em><\/p><p>Nuestros hologramas de mesa son perfectos para espacios reducidos como los que suelen encontrarse en ferias y exhibiciones. Con tama\u00f1os que van desde los 50 cm hasta los 150 cm de ancho, estos hologramas captan la atenci\u00f3n sin ocupar mucho espacio.<\/p><p><strong> M\u00f3dulo Cubo:<\/strong> Ideal para exhibir productos dentro del m\u00f3dulo, generando una experiencia de realidad aumentada.<\/p><img src='https:\/\/www.animaco.net\/wp-content\/uploads\/2024\/08\/IMG_1370.jpg' alt='M\u00f3dulo Cubo en Conferencia M\u00e9dica' \/><p>Este tipo de m\u00f3dulo fue utilizado en eventos como la Semana de la detecci\u00f3n de la enfermedad venosa y linf\u00e1tica de la <a href='https:\/\/www.fundacionfavaloro.org\/' target='_blank' rel=\"nofollow noopener\">Fundaci\u00f3n Favaloro<\/a>.<\/p>\n<iframe loading=\"lazy\" title=\"M\u00f3dulo Hologr\u00e1fico MD02 | Servicio de flebolinfolog\u00eda | @Fundaci\u00f3n Favaloro\" width=\"1080\" height=\"608\" src=\"https:\/\/www.youtube.com\/embed\/ARQ3nENxZZI?feature=oembed\" frameborder=\"0\" allow=\"accelerometer; autoplay; clipboard-write; encrypted-media; gyroscope; picture-in-picture; web-share\" referrerpolicy=\"strict-origin-when-cross-origin\" allowfullscreen><\/iframe>\n<p><strong>M\u00f3dulo Zeta:<\/strong> Su forma en Z permite un \u00e1ngulo de visi\u00f3n m\u00e1s amplio y es perfecto para mesas est\u00e1ndar.<\/p><img src='https:\/\/www.animaco.net\/wp-content\/uploads\/2024\/08\/holoz1-09.jpg' alt='M\u00f3dulo Zeta en Evento' \/><p>El <a href='https:\/\/www.digitalhouse.com\/ar' target='_blank' rel=\"nofollow noopener\">Digital Summit 2018<\/a>, organizado en <a href='https:\/\/www.digitalhouse.com\/ar' target='_blank' rel=\"nofollow noopener\">Digital House<\/a>, fue escenario para uno de estos hologramas.<\/p>\n<iframe loading=\"lazy\" title=\"Holografia Portable - Animaco en Digital Summit 2018\" width=\"1080\" height=\"608\" src=\"https:\/\/www.youtube.com\/embed\/ZcQnIu7lGPs?feature=oembed\" frameborder=\"0\" allow=\"accelerometer; autoplay; clipboard-write; encrypted-media; gyroscope; picture-in-picture; web-share\" referrerpolicy=\"strict-origin-when-cross-origin\" allowfullscreen><\/iframe>\n<p><em><strong>Hologramas de Pie<\/strong><\/em><\/p><p>Estos hologramas, dise\u00f1ados para tener una mayor presencia, son ideales para espacios m\u00e1s amplios. Con dimensiones aproximadas de 2 metros de alto por 1 metro de ancho, pueden actuar como presentadores hologr\u00e1ficos, dar la bienvenida a los invitados o incluso mostrar animaciones.<\/p><p><strong>Marco Hologr\u00e1fico:<\/strong> Perfecto para bienvenidas hologr\u00e1ficas en eventos empresariales.<\/p><img src='https:\/\/www.animaco.net\/wp-content\/uploads\/2024\/08\/2022-02-12_17-06-34.png' alt='Presentadora de Marco Hologr\u00e1fica' \/><p>Un ejemplo claro es el desarrollado para el <a href='https:\/\/buenosaires.gob.ar\/noticias\/el-futuro-y-la-innovacion-los-grandes-protagonistas-de-innovatiba-2018' target='_blank' rel=\"nofollow noopener\">Gobierno de la Ciudad de Buenos Aires<\/a> en la 6ta edici\u00f3n de InnovatiBA.<\/p>\n<iframe loading=\"lazy\" title=\"Presentadora Holografica para Gobierno de la Ciudad\" width=\"1080\" height=\"608\" src=\"https:\/\/www.youtube.com\/embed\/2YBfeL4WZGE?feature=oembed\" frameborder=\"0\" allow=\"accelerometer; autoplay; clipboard-write; encrypted-media; gyroscope; picture-in-picture; web-share\" referrerpolicy=\"strict-origin-when-cross-origin\" allowfullscreen><\/iframe>\n<p><strong>Silueta Hologr\u00e1fica:<\/strong> Con un dise\u00f1o m\u00e1s estilizado y futurista, estas siluetas permiten que un personaje aparezca de cuerpo completo o desde la cintura hacia arriba.<\/p><img src='https:\/\/www.animaco.net\/wp-content\/uploads\/2024\/08\/IMG_4267.jpg' alt='Silueta Hologr\u00e1fica del Banco Galicia' \/><p>Una aplicaci\u00f3n memorable fue en la tercera edici\u00f3n de la Hackaton de <a href='https:\/\/www.galicia.ar\/' target='_blank' rel=\"nofollow noopener\">Banco Galicia<\/a>, donde la presentadora virtual Gala mostr\u00f3 su potencial.<\/p>\n<iframe loading=\"lazy\" title=\"Presentadora Holografica para Banco Galicia\" width=\"1080\" height=\"608\" src=\"https:\/\/www.youtube.com\/embed\/t_wAO6biMbE?feature=oembed\" frameborder=\"0\" allow=\"accelerometer; autoplay; clipboard-write; encrypted-media; gyroscope; picture-in-picture; web-share\" referrerpolicy=\"strict-origin-when-cross-origin\" allowfullscreen><\/iframe>\n<p><em><strong>Hologramas de Escenario<\/strong><\/em><\/p><p>Para eventos de gran envergadura, como conciertos o presentaciones masivas, nuestros hologramas de escenario son la opci\u00f3n ideal. Con dimensiones que pueden variar entre 2 y 6 metros de ancho, est\u00e1n dise\u00f1ados para ofrecer un impacto visual inigualable.<\/p><p><strong>Escenario Adaptable:<\/strong> Perfecto para eventos espec\u00edficos como jornadas y congresos.<\/p><img src='https:\/\/www.animaco.net\/wp-content\/uploads\/2024\/08\/2024-08-21_20-03-30.jpg' alt='Escenario Hologr\u00e1fico en Congreso M\u00e9dico' \/><p>Un ejemplo fue el utilizado en el <a href='https:\/\/www.animaco.net\/en\/proyectos\/flebolinfo2016-hologramas-sobre-el-escenario\/' target='_blank' rel=\"nofollow noopener\">Congreso del bicentenario flebolinfo2016<\/a>, llevado a cabo en el <a href='https:\/\/www.ihg.com\/intercontinental\/hotels\/gb\/en\/buenos-aires\/bueha\/hoteldetail' target='_blank' rel=\"nofollow noopener\">Hotel Intercontinental de Buenos Aires<\/a>.<\/p>\n<iframe loading=\"lazy\" title=\"Escenario Hologr\u00e1fico | Congreso del bicentenario flebolinfo2016| @Hotel Internacional Buenos Aires\" width=\"1080\" height=\"608\" src=\"https:\/\/www.youtube.com\/embed\/xjtJzSyylXU?feature=oembed\" frameborder=\"0\" allow=\"accelerometer; autoplay; clipboard-write; encrypted-media; gyroscope; picture-in-picture; web-share\" referrerpolicy=\"strict-origin-when-cross-origin\" allowfullscreen><\/iframe>\n<p>Para aquellos interesados en llevar su presentaci\u00f3n al siguiente nivel, nuestros hologramas ofrecen una forma \u00fanica y llamativa de destacar. Si est\u00e1s pensando en participar en una feria o exhibici\u00f3n y quer\u00e9s que tu stand sea el m\u00e1s memorable, no dudes en considerar nuestras opciones hologr\u00e1ficas. La personalizaci\u00f3n y el impacto visual que ofrecen son incomparables.<\/p><img src='https:\/\/www.animaco.net\/wp-content\/uploads\/2024\/08\/animacoapic.jpg' alt='Logo de Animaco' \/>","protected":false},"excerpt":{"rendered":"<p>En Animaco, llevamos a\u00f1os sorprendiendo a nuestros clientes con soluciones tecnol\u00f3gicas innovadoras, y una de nuestras especialidades es el alquiler de hologramas para ferias y exhibiciones. Estos dispositivos no solo&#8230;<\/p>","protected":false},"author":3,"featured_media":0,"comment_status":"open","ping_status":"open","sticky":false,"template":"","format":"standard","meta":[],"categories":[178],"tags":[53,86,730,60,728,379,351,729,113,249],"yoast_head":"<!-- This site is optimized with the Yoast SEO Premium plugin v16.9 (Yoast SEO v16.9) - https:\/\/yoast.com\/wordpress\/plugins\/seo\/ -->\n<title>Alquiler de Hologramas para Ferias y Exhibiciones - Animaco<\/title>\n<meta name=\"description\" content=\"Capta la atenci\u00f3n en ferias y exhibiciones alquilando hologramas.\" \/>\n<meta name=\"robots\" content=\"index, follow, max-snippet:-1, max-image-preview:large, max-video-preview:-1\" \/>\n<link rel=\"canonical\" href=\"https:\/\/www.animaco.net\/en\/alquiler-hologramas-ferias-exhibiciones\/\" \/>\n<meta property=\"og:locale\" content=\"en_US\" \/>\n<meta property=\"og:type\" content=\"article\" \/>\n<meta property=\"og:title\" content=\"Alquiler de Hologramas para Ferias y Exhibiciones\" \/>\n<meta property=\"og:description\" content=\"Capta la atenci\u00f3n en ferias y exhibiciones alquilando hologramas.\" \/>\n<meta property=\"og:url\" content=\"https:\/\/www.animaco.net\/en\/alquiler-hologramas-ferias-exhibiciones\/\" \/>\n<meta property=\"og:site_name\" content=\"Animaco\" \/>\n<meta property=\"article:publisher\" content=\"https:\/\/www.facebook.com\/Animaconet\" \/>\n<meta property=\"article:published_time\" content=\"2024-09-14T22:17:08+00:00\" \/>\n<meta property=\"og:image\" content=\"https:\/\/www.animaco.net\/wp-content\/uploads\/2024\/08\/IMG_1370.jpg\" \/>\n<meta name=\"twitter:card\" content=\"summary_large_image\" \/>\n<meta name=\"twitter:label1\" content=\"Written by\" \/>\n\t<meta name=\"twitter:data1\" content=\"Animaco\" \/>\n\t<meta name=\"twitter:label2\" content=\"Est. reading time\" \/>\n\t<meta name=\"twitter:data2\" content=\"3 minutes\" \/>\n<script type=\"application\/ld+json\" class=\"yoast-schema-graph\">{\"@context\":\"https:\/\/schema.org\",\"@graph\":[{\"@type\":\"Organization\",\"@id\":\"https:\/\/www.animaco.net\/#organization\",\"name\":\"Animaco\",\"url\":\"https:\/\/www.animaco.net\/\",\"sameAs\":[\"https:\/\/www.facebook.com\/Animaconet\",\"https:\/\/www.instagram.com\/animaconet\",\"https:\/\/www.linkedin.com\/company\/71689351\",\"https:\/\/www.youtube.com\/@AnimacoNett\"],\"logo\":{\"@type\":\"ImageObject\",\"@id\":\"https:\/\/www.animaco.net\/#logo\",\"inLanguage\":\"en-US\",\"url\":\"https:\/\/www.animaco.net\/wp-content\/uploads\/2018\/04\/animaco-logo-2017-min.png\",\"contentUrl\":\"https:\/\/www.animaco.net\/wp-content\/uploads\/2018\/04\/animaco-logo-2017-min.png\",\"width\":121,\"height\":34,\"caption\":\"Animaco\"},\"image\":{\"@id\":\"https:\/\/www.animaco.net\/#logo\"}},{\"@type\":\"WebSite\",\"@id\":\"https:\/\/www.animaco.net\/#website\",\"url\":\"https:\/\/www.animaco.net\/\",\"name\":\"Animaco\",\"description\":\"Animaco crea experiencias totalmente futuristas y desarrolla proyectos innovadores con el uso de nuevas tecnolog\\u00edas\",\"publisher\":{\"@id\":\"https:\/\/www.animaco.net\/#organization\"},\"potentialAction\":[{\"@type\":\"SearchAction\",\"target\":{\"@type\":\"EntryPoint\",\"urlTemplate\":\"https:\/\/www.animaco.net\/?s={search_term_string}\"},\"query-input\":\"required name=search_term_string\"}],\"inLanguage\":\"en-US\"},{\"@type\":\"ImageObject\",\"@id\":\"https:\/\/www.animaco.net\/alquiler-hologramas-ferias-exhibiciones\/#primaryimage\",\"inLanguage\":\"en-US\",\"url\":\"https:\/\/www.animaco.net\/wp-content\/uploads\/2024\/08\/IMG_1370.jpg\",\"contentUrl\":\"https:\/\/www.animaco.net\/wp-content\/uploads\/2024\/08\/IMG_1370.jpg\",\"width\":1500,\"height\":1000,\"caption\":\"Hologramas en Conferencia de Fundaci\\u00f3n Favaloro\"},{\"@type\":[\"WebPage\",\"ItemPage\"],\"@id\":\"https:\/\/www.animaco.net\/alquiler-hologramas-ferias-exhibiciones\/#webpage\",\"url\":\"https:\/\/www.animaco.net\/alquiler-hologramas-ferias-exhibiciones\/\",\"name\":\"Alquiler de Hologramas para Ferias y Exhibiciones - Animaco\",\"isPartOf\":{\"@id\":\"https:\/\/www.animaco.net\/#website\"},\"primaryImageOfPage\":{\"@id\":\"https:\/\/www.animaco.net\/alquiler-hologramas-ferias-exhibiciones\/#primaryimage\"},\"datePublished\":\"2024-09-14T22:17:08+00:00\",\"dateModified\":\"2024-09-14T22:17:08+00:00\",\"description\":\"Capta la atenci\\u00f3n en ferias y exhibiciones alquilando hologramas.\",\"breadcrumb\":{\"@id\":\"https:\/\/www.animaco.net\/alquiler-hologramas-ferias-exhibiciones\/#breadcrumb\"},\"inLanguage\":\"en-US\",\"potentialAction\":[{\"@type\":\"ReadAction\",\"target\":[\"https:\/\/www.animaco.net\/alquiler-hologramas-ferias-exhibiciones\/\"]}]},{\"@type\":\"BreadcrumbList\",\"@id\":\"https:\/\/www.animaco.net\/alquiler-hologramas-ferias-exhibiciones\/#breadcrumb\",\"itemListElement\":[{\"@type\":\"ListItem\",\"position\":1,\"name\":\"Inicio\",\"item\":\"https:\/\/www.animaco.net\/\"},{\"@type\":\"ListItem\",\"position\":2,\"name\":\"Hologramas\",\"item\":\"https:\/\/www.animaco.net\/category\/hologramas\/\"},{\"@type\":\"ListItem\",\"position\":3,\"name\":\"Alquiler de Hologramas para Ferias y Exhibiciones\"}]},{\"@type\":\"Article\",\"@id\":\"https:\/\/www.animaco.net\/alquiler-hologramas-ferias-exhibiciones\/#article\",\"isPartOf\":{\"@id\":\"https:\/\/www.animaco.net\/alquiler-hologramas-ferias-exhibiciones\/#webpage\"},\"author\":{\"@id\":\"https:\/\/www.animaco.net\/#\/schema\/person\/fae70956890529fc87db32536fb5ee0b\"},\"headline\":\"Alquiler de Hologramas para Ferias y Exhibiciones\",\"datePublished\":\"2024-09-14T22:17:08+00:00\",\"dateModified\":\"2024-09-14T22:17:08+00:00\",\"mainEntityOfPage\":{\"@id\":\"https:\/\/www.animaco.net\/alquiler-hologramas-ferias-exhibiciones\/#webpage\"},\"wordCount\":604,\"commentCount\":0,\"publisher\":{\"@id\":\"https:\/\/www.animaco.net\/#organization\"},\"image\":{\"@id\":\"https:\/\/www.animaco.net\/alquiler-hologramas-ferias-exhibiciones\/#primaryimage\"},\"thumbnailUrl\":\"https:\/\/www.animaco.net\/wp-content\/uploads\/2024\/08\/IMG_1370.jpg\",\"keywords\":[\"alquiler de hologramas\",\"experiencias inmersivas\",\"ferias tecnol\\u00f3gicas\",\"holograf\\u00eda interactiva\",\"hologramas para exhibiciones\",\"hologramas para ferias\",\"marketing innovador\",\"presentaciones comerciales\",\"stands de exposici\\u00f3n\",\"tecnolog\\u00eda en eventos\"],\"articleSection\":[\"Hologramas\"],\"inLanguage\":\"en-US\",\"potentialAction\":[{\"@type\":\"CommentAction\",\"name\":\"Comment\",\"target\":[\"https:\/\/www.animaco.net\/alquiler-hologramas-ferias-exhibiciones\/#respond\"]}]},{\"@type\":\"Person\",\"@id\":\"https:\/\/www.animaco.net\/#\/schema\/person\/fae70956890529fc87db32536fb5ee0b\",\"name\":\"Animaco\",\"image\":{\"@type\":\"ImageObject\",\"@id\":\"https:\/\/www.animaco.net\/#personlogo\",\"inLanguage\":\"en-US\",\"url\":\"https:\/\/secure.gravatar.com\/avatar\/5b52c88852799c7afd8876740f0271db?s=96&d=mm&r=g\",\"contentUrl\":\"https:\/\/secure.gravatar.com\/avatar\/5b52c88852799c7afd8876740f0271db?s=96&d=mm&r=g\",\"caption\":\"Animaco\"},\"description\":\"Tecnolog\\u00edas Futuras\",\"sameAs\":[\"https:\/\/animaco.net\"]}]}<\/script>\n<!-- \/ Yoast SEO Premium plugin. -->","yoast_head_json":{"title":"Alquiler de Hologramas para Ferias y Exhibiciones - Animaco","description":"Capta la atenci\u00f3n en ferias y exhibiciones alquilando hologramas.","robots":{"index":"index","follow":"follow","max-snippet":"max-snippet:-1","max-image-preview":"max-image-preview:large","max-video-preview":"max-video-preview:-1"},"canonical":"https:\/\/www.animaco.net\/en\/alquiler-hologramas-ferias-exhibiciones\/","og_locale":"en_US","og_type":"article","og_title":"Alquiler de Hologramas para Ferias y Exhibiciones","og_description":"Capta la atenci\u00f3n en ferias y exhibiciones alquilando hologramas.","og_url":"https:\/\/www.animaco.net\/en\/alquiler-hologramas-ferias-exhibiciones\/","og_site_name":"Animaco","article_publisher":"https:\/\/www.facebook.com\/Animaconet","article_published_time":"2024-09-14T22:17:08+00:00","og_image":[{"url":"https:\/\/www.animaco.net\/wp-content\/uploads\/2024\/08\/IMG_1370.jpg"}],"twitter_card":"summary_large_image","twitter_misc":{"Written by":"Animaco","Est. reading time":"3 minutes"},"schema":{"@context":"https:\/\/schema.org","@graph":[{"@type":"Organization","@id":"https:\/\/www.animaco.net\/#organization","name":"Animaco","url":"https:\/\/www.animaco.net\/","sameAs":["https:\/\/www.facebook.com\/Animaconet","https:\/\/www.instagram.com\/animaconet","https:\/\/www.linkedin.com\/company\/71689351","https:\/\/www.youtube.com\/@AnimacoNett"],"logo":{"@type":"ImageObject","@id":"https:\/\/www.animaco.net\/#logo","inLanguage":"en-US","url":"https:\/\/www.animaco.net\/wp-content\/uploads\/2018\/04\/animaco-logo-2017-min.png","contentUrl":"https:\/\/www.animaco.net\/wp-content\/uploads\/2018\/04\/animaco-logo-2017-min.png","width":121,"height":34,"caption":"Animaco"},"image":{"@id":"https:\/\/www.animaco.net\/#logo"}},{"@type":"WebSite","@id":"https:\/\/www.animaco.net\/#website","url":"https:\/\/www.animaco.net\/","name":"Animaco","description":"Animaco crea experiencias totalmente futuristas y desarrolla proyectos innovadores con el uso de nuevas tecnolog\u00edas","publisher":{"@id":"https:\/\/www.animaco.net\/#organization"},"potentialAction":[{"@type":"SearchAction","target":{"@type":"EntryPoint","urlTemplate":"https:\/\/www.animaco.net\/?s={search_term_string}"},"query-input":"required name=search_term_string"}],"inLanguage":"en-US"},{"@type":"ImageObject","@id":"https:\/\/www.animaco.net\/alquiler-hologramas-ferias-exhibiciones\/#primaryimage","inLanguage":"en-US","url":"https:\/\/www.animaco.net\/wp-content\/uploads\/2024\/08\/IMG_1370.jpg","contentUrl":"https:\/\/www.animaco.net\/wp-content\/uploads\/2024\/08\/IMG_1370.jpg","width":1500,"height":1000,"caption":"Hologramas en Conferencia de Fundaci\u00f3n Favaloro"},{"@type":["WebPage","ItemPage"],"@id":"https:\/\/www.animaco.net\/alquiler-hologramas-ferias-exhibiciones\/#webpage","url":"https:\/\/www.animaco.net\/alquiler-hologramas-ferias-exhibiciones\/","name":"Alquiler de Hologramas para Ferias y Exhibiciones - Animaco","isPartOf":{"@id":"https:\/\/www.animaco.net\/#website"},"primaryImageOfPage":{"@id":"https:\/\/www.animaco.net\/alquiler-hologramas-ferias-exhibiciones\/#primaryimage"},"datePublished":"2024-09-14T22:17:08+00:00","dateModified":"2024-09-14T22:17:08+00:00","description":"Capta la atenci\u00f3n en ferias y exhibiciones alquilando hologramas.","breadcrumb":{"@id":"https:\/\/www.animaco.net\/alquiler-hologramas-ferias-exhibiciones\/#breadcrumb"},"inLanguage":"en-US","potentialAction":[{"@type":"ReadAction","target":["https:\/\/www.animaco.net\/alquiler-hologramas-ferias-exhibiciones\/"]}]},{"@type":"BreadcrumbList","@id":"https:\/\/www.animaco.net\/alquiler-hologramas-ferias-exhibiciones\/#breadcrumb","itemListElement":[{"@type":"ListItem","position":1,"name":"Inicio","item":"https:\/\/www.animaco.net\/"},{"@type":"ListItem","position":2,"name":"Hologramas","item":"https:\/\/www.animaco.net\/category\/hologramas\/"},{"@type":"ListItem","position":3,"name":"Alquiler de Hologramas para Ferias y Exhibiciones"}]},{"@type":"Article","@id":"https:\/\/www.animaco.net\/alquiler-hologramas-ferias-exhibiciones\/#article","isPartOf":{"@id":"https:\/\/www.animaco.net\/alquiler-hologramas-ferias-exhibiciones\/#webpage"},"author":{"@id":"https:\/\/www.animaco.net\/#\/schema\/person\/fae70956890529fc87db32536fb5ee0b"},"headline":"Alquiler de Hologramas para Ferias y Exhibiciones","datePublished":"2024-09-14T22:17:08+00:00","dateModified":"2024-09-14T22:17:08+00:00","mainEntityOfPage":{"@id":"https:\/\/www.animaco.net\/alquiler-hologramas-ferias-exhibiciones\/#webpage"},"wordCount":604,"commentCount":0,"publisher":{"@id":"https:\/\/www.animaco.net\/#organization"},"image":{"@id":"https:\/\/www.animaco.net\/alquiler-hologramas-ferias-exhibiciones\/#primaryimage"},"thumbnailUrl":"https:\/\/www.animaco.net\/wp-content\/uploads\/2024\/08\/IMG_1370.jpg","keywords":["alquiler de hologramas","experiencias inmersivas","ferias tecnol\u00f3gicas","holograf\u00eda interactiva","hologramas para exhibiciones","hologramas para ferias","marketing innovador","presentaciones comerciales","stands de exposici\u00f3n","tecnolog\u00eda en eventos"],"articleSection":["Hologramas"],"inLanguage":"en-US","potentialAction":[{"@type":"CommentAction","name":"Comment","target":["https:\/\/www.animaco.net\/alquiler-hologramas-ferias-exhibiciones\/#respond"]}]},{"@type":"Person","@id":"https:\/\/www.animaco.net\/#\/schema\/person\/fae70956890529fc87db32536fb5ee0b","name":"Animaco","image":{"@type":"ImageObject","@id":"https:\/\/www.animaco.net\/#personlogo","inLanguage":"en-US","url":"https:\/\/secure.gravatar.com\/avatar\/5b52c88852799c7afd8876740f0271db?s=96&d=mm&r=g","contentUrl":"https:\/\/secure.gravatar.com\/avatar\/5b52c88852799c7afd8876740f0271db?s=96&d=mm&r=g","caption":"Animaco"},"description":"Tecnolog\u00edas Futuras","sameAs":["https:\/\/animaco.net"]}]}},"_links":{"self":[{"href":"https:\/\/www.animaco.net\/en\/wp-json\/wp\/v2\/posts\/2783"}],"collection":[{"href":"https:\/\/www.animaco.net\/en\/wp-json\/wp\/v2\/posts"}],"about":[{"href":"https:\/\/www.animaco.net\/en\/wp-json\/wp\/v2\/types\/post"}],"author":[{"embeddable":true,"href":"https:\/\/www.animaco.net\/en\/wp-json\/wp\/v2\/users\/3"}],"replies":[{"embeddable":true,"href":"https:\/\/www.animaco.net\/en\/wp-json\/wp\/v2\/comments?post=2783"}],"version-history":[{"count":0,"href":"https:\/\/www.animaco.net\/en\/wp-json\/wp\/v2\/posts\/2783\/revisions"}],"wp:attachment":[{"href":"https:\/\/www.animaco.net\/en\/wp-json\/wp\/v2\/media?parent=2783"}],"wp:term":[{"taxonomy":"category","embeddable":true,"href":"https:\/\/www.animaco.net\/en\/wp-json\/wp\/v2\/categories?post=2783"},{"taxonomy":"post_tag","embeddable":true,"href":"https:\/\/www.animaco.net\/en\/wp-json\/wp\/v2\/tags?post=2783"}],"curies":[{"name":"wp","href":"https:\/\/api.w.org\/{rel}","templated":true}]}}