{"id":3424,"date":"2024-12-03T21:08:34","date_gmt":"2024-12-04T00:08:34","guid":{"rendered":"https:\/\/www.animaco.net\/?p=3424"},"modified":"2024-12-03T21:08:34","modified_gmt":"2024-12-04T00:08:34","slug":"hologramas-ferias-tecnologicas","status":"publish","type":"post","link":"https:\/\/www.animaco.net\/en\/hologramas-ferias-tecnologicas\/","title":{"rendered":"Hologramas para Ferias Tecnol\u00f3gicas"},"content":{"rendered":"<p>En el din\u00e1mico mundo de las ferias tecnol\u00f3gicas, captar la atenci\u00f3n de los participantes es esencial. Los hologramas de Animaco son una herramienta perfecta para lograrlo, ofreciendo una experiencia visual que trasciende las pantallas convencionales y genera un impacto memorable en los asistentes.<\/p> <p>Uno de nuestros hologramas estrella para estos eventos es el <b>M\u00f3dulo Zeta<\/b>. Gracias a su forma en Z, este holograma permite una mejor visualizaci\u00f3n desde diversos \u00e1ngulos, lo que lo hace ideal para stands de exposici\u00f3n donde el tr\u00e1fico de personas es constante.<\/p> <img src='https:\/\/www.animaco.net\/wp-content\/uploads\/2024\/08\/z1-banner.webp' alt='M\u00f3dulo Zeta' \/> <p>Por ejemplo, durante el Digital Summit 2018 organizado en <a href='https:\/\/www.digitalhouse.com\/ar' target='_blank' rel=\"nofollow noopener\">Digital House<\/a>, mostramos informaci\u00f3n sobre la charla que el CEO de Animaco tendr\u00eda en el evento. La flexibilidad y el impacto visual del M\u00f3dulo Zeta vertical y transportable cautivaron a todos los presentes.<\/p> \n<iframe loading=\"lazy\" title=\"Holografia Portable - Animaco en Digital Summit 2018\" width=\"1080\" height=\"608\" src=\"https:\/\/www.youtube.com\/embed\/ZcQnIu7lGPs?feature=oembed\" frameborder=\"0\" allow=\"accelerometer; autoplay; clipboard-write; encrypted-media; gyroscope; picture-in-picture; web-share\" referrerpolicy=\"strict-origin-when-cross-origin\" allowfullscreen><\/iframe>\n <p>Otra opci\u00f3n es el <b>M\u00f3dulo Cubo<\/b>. Este modelo permite colocar objetos dentro del holograma, logrando una experiencia de realidad aumentada. En la Expo Rural 2019, customizamos un M\u00f3dulo Cubo para PSA, donde mostramos el proceso de purificaci\u00f3n del agua dentro de un purificador real, brindando una demostraci\u00f3n interactiva a los visitantes.<\/p> <img src='https:\/\/www.animaco.net\/wp-content\/uploads\/2024\/08\/holograma-cubo-personalizado.jpg' alt='M\u00f3dulo Cubo personalizado para PSA' \/> \n<iframe loading=\"lazy\" title=\"Sistemas hologr\u00e1ficos en Expo Rural 2019\" width=\"1080\" height=\"608\" src=\"https:\/\/www.youtube.com\/embed\/tE9lHQU5TrY?feature=oembed\" frameborder=\"0\" allow=\"accelerometer; autoplay; clipboard-write; encrypted-media; gyroscope; picture-in-picture; web-share\" referrerpolicy=\"strict-origin-when-cross-origin\" allowfullscreen><\/iframe>\n <p>Adem\u00e1s, los <b>Hologramas de Pie<\/b> como el <b>Marco Hologr\u00e1fico<\/b> son ideales para presentar bienvenidas hologr\u00e1ficas en eventos empresariales o para destacar logos y animaciones. En la 6ta edici\u00f3n de <a href='https:\/\/buenosaires.gob.ar\/noticias\/el-futuro-y-la-innovacion-los-grandes-protagonistas-de-innovatiba-2018' target='_blank' rel=\"nofollow noopener\">InnovatiBA<\/a>, el evento de innovaci\u00f3n y tecnolog\u00eda m\u00e1s importante de Buenos Aires, creamos una presentadora hologr\u00e1fica que dio la bienvenida a los participantes, dejando una impresi\u00f3n duradera.<\/p> <img src='https:\/\/www.animaco.net\/wp-content\/uploads\/2024\/08\/marco-hologra\u0301fico-presentadora-saluda-innovatiba.jpg' alt='Presentadora hologr\u00e1fica en InnovatiBA' \/> \n<iframe loading=\"lazy\" title=\"Presentadora Holografica para Gobierno de la Ciudad\" width=\"1080\" height=\"608\" src=\"https:\/\/www.youtube.com\/embed\/2YBfeL4WZGE?feature=oembed\" frameborder=\"0\" allow=\"accelerometer; autoplay; clipboard-write; encrypted-media; gyroscope; picture-in-picture; web-share\" referrerpolicy=\"strict-origin-when-cross-origin\" allowfullscreen><\/iframe>\n <p>Tambi\u00e9n hemos aplicado tecnolog\u00edas hologr\u00e1ficas para eventos educativos, como en la Universidad de Buenos Aires durante <a href='https:\/\/www.c5n.com\/sociedad\/la-uba-la-noche-los-museos-2023-n127476' target='_blank' rel=\"nofollow noopener\">La Noche de los Museos<\/a>. Implementamos un holograma de mesa modelo cubo mostrando corazones reales grabados con equipamiento de cine y transformados en formato hologr\u00e1fico, que fueron parte de una charla m\u00e9dica impartida por el Dr. Gustavo Abuin, Director del <a href='https:\/\/heartlaboratoryuba.net\/' target='_blank' rel=\"nofollow noopener\">Heart Laboratory UBA<\/a>.<\/p> \n<iframe loading=\"lazy\" title=\"Holograf\u00eda aplicada a la educaci\u00f3n en La Noche de los Museos\" width=\"1080\" height=\"608\" src=\"https:\/\/www.youtube.com\/embed\/tD4VTLkvY94?feature=oembed\" frameborder=\"0\" allow=\"accelerometer; autoplay; clipboard-write; encrypted-media; gyroscope; picture-in-picture; web-share\" referrerpolicy=\"strict-origin-when-cross-origin\" allowfullscreen><\/iframe>\n <p>Es importante mencionar la versatilidad del <b>Escenario Hologr\u00e1fico<\/b> para grandes presentaciones. En el Congreso del Bicentenario, realizado en el <a href='https:\/\/www.animaco.net\/en\/proyectos\/flebolinfo2016-hologramas-sobre-el-escenario\/' target='_blank' rel=\"nofollow noopener\">Hotel Intercontinental Buenos Aires<\/a>, utilizamos un Escenario Hologr\u00e1fico Adaptable de 4 metros para charlas m\u00e9dicas, logrando un efecto impresionante en los asistentes.<\/p> \n<iframe loading=\"lazy\" title=\"Escenario Hologr\u00e1fico | Congreso del bicentenario flebolinfo2016| @Hotel Internacional Buenos Aires\" width=\"1080\" height=\"608\" src=\"https:\/\/www.youtube.com\/embed\/xjtJzSyylXU?feature=oembed\" frameborder=\"0\" allow=\"accelerometer; autoplay; clipboard-write; encrypted-media; gyroscope; picture-in-picture; web-share\" referrerpolicy=\"strict-origin-when-cross-origin\" allowfullscreen><\/iframe>\n <p>Los hologramas de Animaco no solo son innovadores y llamativos, sino que tambi\u00e9n permiten una amplia personalizaci\u00f3n para adecuarse a la est\u00e9tica de tu marca o l\u00ednea gr\u00e1fica. Si est\u00e1s interesado en destacar en tu pr\u00f3ximo evento, \u00a1no dudes en pedir una cotizaci\u00f3n hoy mismo!<\/p> <img src='https:\/\/www.animaco.net\/wp-content\/uploads\/2024\/08\/animaco-en-a24.jpg' alt='Cofundadores de Animaco' \/>","protected":false},"excerpt":{"rendered":"<p>En el din\u00e1mico mundo de las ferias tecnol\u00f3gicas, captar la atenci\u00f3n de los participantes es esencial. Los hologramas de Animaco son una herramienta perfecta para lograrlo, ofreciendo una experiencia visual&#8230;<\/p>","protected":false},"author":3,"featured_media":0,"comment_status":"open","ping_status":"open","sticky":false,"template":"","format":"standard","meta":[],"categories":[178],"tags":[69,83,730,43,66,128,129,61,127,113],"yoast_head":"<!-- This site is optimized with the Yoast SEO Premium plugin v16.9 (Yoast SEO v16.9) - https:\/\/yoast.com\/wordpress\/plugins\/seo\/ -->\n<title>Hologramas para Ferias Tecnol\u00f3gicas - Animaco<\/title>\n<meta name=\"description\" content=\"Destaca en ferias tecnol\u00f3gicas con hologramas que asombran al p\u00fablico.\" \/>\n<meta name=\"robots\" content=\"index, follow, max-snippet:-1, max-image-preview:large, max-video-preview:-1\" \/>\n<link rel=\"canonical\" href=\"https:\/\/www.animaco.net\/en\/hologramas-ferias-tecnologicas\/\" \/>\n<meta property=\"og:locale\" content=\"en_US\" \/>\n<meta property=\"og:type\" content=\"article\" \/>\n<meta property=\"og:title\" content=\"Hologramas para Ferias Tecnol\u00f3gicas\" \/>\n<meta property=\"og:description\" content=\"Destaca en ferias tecnol\u00f3gicas con hologramas que asombran al p\u00fablico.\" \/>\n<meta property=\"og:url\" content=\"https:\/\/www.animaco.net\/en\/hologramas-ferias-tecnologicas\/\" \/>\n<meta property=\"og:site_name\" content=\"Animaco\" \/>\n<meta property=\"article:publisher\" content=\"https:\/\/www.facebook.com\/Animaconet\" \/>\n<meta property=\"article:published_time\" content=\"2024-12-04T00:08:34+00:00\" \/>\n<meta property=\"og:image\" content=\"https:\/\/www.animaco.net\/wp-content\/uploads\/2024\/08\/z1-banner.webp\" \/>\n<meta name=\"twitter:card\" content=\"summary_large_image\" \/>\n<meta name=\"twitter:label1\" content=\"Written by\" \/>\n\t<meta name=\"twitter:data1\" content=\"Animaco\" \/>\n\t<meta name=\"twitter:label2\" content=\"Est. reading time\" \/>\n\t<meta name=\"twitter:data2\" content=\"2 minutes\" \/>\n<script type=\"application\/ld+json\" class=\"yoast-schema-graph\">{\"@context\":\"https:\/\/schema.org\",\"@graph\":[{\"@type\":\"Organization\",\"@id\":\"https:\/\/www.animaco.net\/#organization\",\"name\":\"Animaco\",\"url\":\"https:\/\/www.animaco.net\/\",\"sameAs\":[\"https:\/\/www.facebook.com\/Animaconet\",\"https:\/\/www.instagram.com\/animaconet\",\"https:\/\/www.linkedin.com\/company\/71689351\",\"https:\/\/www.youtube.com\/@AnimacoNett\"],\"logo\":{\"@type\":\"ImageObject\",\"@id\":\"https:\/\/www.animaco.net\/#logo\",\"inLanguage\":\"en-US\",\"url\":\"https:\/\/www.animaco.net\/wp-content\/uploads\/2018\/04\/animaco-logo-2017-min.png\",\"contentUrl\":\"https:\/\/www.animaco.net\/wp-content\/uploads\/2018\/04\/animaco-logo-2017-min.png\",\"width\":121,\"height\":34,\"caption\":\"Animaco\"},\"image\":{\"@id\":\"https:\/\/www.animaco.net\/#logo\"}},{\"@type\":\"WebSite\",\"@id\":\"https:\/\/www.animaco.net\/#website\",\"url\":\"https:\/\/www.animaco.net\/\",\"name\":\"Animaco\",\"description\":\"Animaco crea experiencias totalmente futuristas y desarrolla proyectos innovadores con el uso de nuevas tecnolog\\u00edas\",\"publisher\":{\"@id\":\"https:\/\/www.animaco.net\/#organization\"},\"potentialAction\":[{\"@type\":\"SearchAction\",\"target\":{\"@type\":\"EntryPoint\",\"urlTemplate\":\"https:\/\/www.animaco.net\/?s={search_term_string}\"},\"query-input\":\"required name=search_term_string\"}],\"inLanguage\":\"en-US\"},{\"@type\":\"ImageObject\",\"@id\":\"https:\/\/www.animaco.net\/hologramas-ferias-tecnologicas\/#primaryimage\",\"inLanguage\":\"en-US\",\"url\":\"https:\/\/www.animaco.net\/wp-content\/uploads\/2024\/08\/z1-banner.webp\",\"contentUrl\":\"https:\/\/www.animaco.net\/wp-content\/uploads\/2024\/08\/z1-banner.webp\",\"width\":3000,\"height\":1130,\"caption\":\"una mujer mostrando un edificio holografico a su cliente usando un modulo holografico de Animaco\"},{\"@type\":[\"WebPage\",\"ItemPage\"],\"@id\":\"https:\/\/www.animaco.net\/hologramas-ferias-tecnologicas\/#webpage\",\"url\":\"https:\/\/www.animaco.net\/hologramas-ferias-tecnologicas\/\",\"name\":\"Hologramas para Ferias Tecnol\\u00f3gicas - Animaco\",\"isPartOf\":{\"@id\":\"https:\/\/www.animaco.net\/#website\"},\"primaryImageOfPage\":{\"@id\":\"https:\/\/www.animaco.net\/hologramas-ferias-tecnologicas\/#primaryimage\"},\"datePublished\":\"2024-12-04T00:08:34+00:00\",\"dateModified\":\"2024-12-04T00:08:34+00:00\",\"description\":\"Destaca en ferias tecnol\\u00f3gicas con hologramas que asombran al p\\u00fablico.\",\"breadcrumb\":{\"@id\":\"https:\/\/www.animaco.net\/hologramas-ferias-tecnologicas\/#breadcrumb\"},\"inLanguage\":\"en-US\",\"potentialAction\":[{\"@type\":\"ReadAction\",\"target\":[\"https:\/\/www.animaco.net\/hologramas-ferias-tecnologicas\/\"]}]},{\"@type\":\"BreadcrumbList\",\"@id\":\"https:\/\/www.animaco.net\/hologramas-ferias-tecnologicas\/#breadcrumb\",\"itemListElement\":[{\"@type\":\"ListItem\",\"position\":1,\"name\":\"Inicio\",\"item\":\"https:\/\/www.animaco.net\/\"},{\"@type\":\"ListItem\",\"position\":2,\"name\":\"Hologramas\",\"item\":\"https:\/\/www.animaco.net\/category\/hologramas\/\"},{\"@type\":\"ListItem\",\"position\":3,\"name\":\"Hologramas para Ferias Tecnol\\u00f3gicas\"}]},{\"@type\":\"Article\",\"@id\":\"https:\/\/www.animaco.net\/hologramas-ferias-tecnologicas\/#article\",\"isPartOf\":{\"@id\":\"https:\/\/www.animaco.net\/hologramas-ferias-tecnologicas\/#webpage\"},\"author\":{\"@id\":\"https:\/\/www.animaco.net\/#\/schema\/person\/fae70956890529fc87db32536fb5ee0b\"},\"headline\":\"Hologramas para Ferias Tecnol\\u00f3gicas\",\"datePublished\":\"2024-12-04T00:08:34+00:00\",\"dateModified\":\"2024-12-04T00:08:34+00:00\",\"mainEntityOfPage\":{\"@id\":\"https:\/\/www.animaco.net\/hologramas-ferias-tecnologicas\/#webpage\"},\"wordCount\":447,\"commentCount\":0,\"publisher\":{\"@id\":\"https:\/\/www.animaco.net\/#organization\"},\"image\":{\"@id\":\"https:\/\/www.animaco.net\/hologramas-ferias-tecnologicas\/#primaryimage\"},\"thumbnailUrl\":\"https:\/\/www.animaco.net\/wp-content\/uploads\/2024\/08\/z1-banner.webp\",\"keywords\":[\"escenario hologr\\u00e1fico\",\"eventos empresariales\",\"ferias tecnol\\u00f3gicas\",\"hologramas\",\"marco hologr\\u00e1fico\",\"M\\u00f3dulo Cubo\",\"M\\u00f3dulo Zeta\",\"presentaciones hologr\\u00e1ficas\",\"realidad aumentada\",\"stands de exposici\\u00f3n\"],\"articleSection\":[\"Hologramas\"],\"inLanguage\":\"en-US\",\"potentialAction\":[{\"@type\":\"CommentAction\",\"name\":\"Comment\",\"target\":[\"https:\/\/www.animaco.net\/hologramas-ferias-tecnologicas\/#respond\"]}]},{\"@type\":\"Person\",\"@id\":\"https:\/\/www.animaco.net\/#\/schema\/person\/fae70956890529fc87db32536fb5ee0b\",\"name\":\"Animaco\",\"image\":{\"@type\":\"ImageObject\",\"@id\":\"https:\/\/www.animaco.net\/#personlogo\",\"inLanguage\":\"en-US\",\"url\":\"https:\/\/secure.gravatar.com\/avatar\/5b52c88852799c7afd8876740f0271db?s=96&d=mm&r=g\",\"contentUrl\":\"https:\/\/secure.gravatar.com\/avatar\/5b52c88852799c7afd8876740f0271db?s=96&d=mm&r=g\",\"caption\":\"Animaco\"},\"description\":\"Tecnolog\\u00edas Futuras\",\"sameAs\":[\"https:\/\/animaco.net\"]}]}<\/script>\n<!-- \/ Yoast SEO Premium plugin. -->","yoast_head_json":{"title":"Hologramas para Ferias Tecnol\u00f3gicas - Animaco","description":"Destaca en ferias tecnol\u00f3gicas con hologramas que asombran al p\u00fablico.","robots":{"index":"index","follow":"follow","max-snippet":"max-snippet:-1","max-image-preview":"max-image-preview:large","max-video-preview":"max-video-preview:-1"},"canonical":"https:\/\/www.animaco.net\/en\/hologramas-ferias-tecnologicas\/","og_locale":"en_US","og_type":"article","og_title":"Hologramas para Ferias Tecnol\u00f3gicas","og_description":"Destaca en ferias tecnol\u00f3gicas con hologramas que asombran al p\u00fablico.","og_url":"https:\/\/www.animaco.net\/en\/hologramas-ferias-tecnologicas\/","og_site_name":"Animaco","article_publisher":"https:\/\/www.facebook.com\/Animaconet","article_published_time":"2024-12-04T00:08:34+00:00","og_image":[{"url":"https:\/\/www.animaco.net\/wp-content\/uploads\/2024\/08\/z1-banner.webp"}],"twitter_card":"summary_large_image","twitter_misc":{"Written by":"Animaco","Est. reading time":"2 minutes"},"schema":{"@context":"https:\/\/schema.org","@graph":[{"@type":"Organization","@id":"https:\/\/www.animaco.net\/#organization","name":"Animaco","url":"https:\/\/www.animaco.net\/","sameAs":["https:\/\/www.facebook.com\/Animaconet","https:\/\/www.instagram.com\/animaconet","https:\/\/www.linkedin.com\/company\/71689351","https:\/\/www.youtube.com\/@AnimacoNett"],"logo":{"@type":"ImageObject","@id":"https:\/\/www.animaco.net\/#logo","inLanguage":"en-US","url":"https:\/\/www.animaco.net\/wp-content\/uploads\/2018\/04\/animaco-logo-2017-min.png","contentUrl":"https:\/\/www.animaco.net\/wp-content\/uploads\/2018\/04\/animaco-logo-2017-min.png","width":121,"height":34,"caption":"Animaco"},"image":{"@id":"https:\/\/www.animaco.net\/#logo"}},{"@type":"WebSite","@id":"https:\/\/www.animaco.net\/#website","url":"https:\/\/www.animaco.net\/","name":"Animaco","description":"Animaco crea experiencias totalmente futuristas y desarrolla proyectos innovadores con el uso de nuevas tecnolog\u00edas","publisher":{"@id":"https:\/\/www.animaco.net\/#organization"},"potentialAction":[{"@type":"SearchAction","target":{"@type":"EntryPoint","urlTemplate":"https:\/\/www.animaco.net\/?s={search_term_string}"},"query-input":"required name=search_term_string"}],"inLanguage":"en-US"},{"@type":"ImageObject","@id":"https:\/\/www.animaco.net\/hologramas-ferias-tecnologicas\/#primaryimage","inLanguage":"en-US","url":"https:\/\/www.animaco.net\/wp-content\/uploads\/2024\/08\/z1-banner.webp","contentUrl":"https:\/\/www.animaco.net\/wp-content\/uploads\/2024\/08\/z1-banner.webp","width":3000,"height":1130,"caption":"una mujer mostrando un edificio holografico a su cliente usando un modulo holografico de Animaco"},{"@type":["WebPage","ItemPage"],"@id":"https:\/\/www.animaco.net\/hologramas-ferias-tecnologicas\/#webpage","url":"https:\/\/www.animaco.net\/hologramas-ferias-tecnologicas\/","name":"Hologramas para Ferias Tecnol\u00f3gicas - Animaco","isPartOf":{"@id":"https:\/\/www.animaco.net\/#website"},"primaryImageOfPage":{"@id":"https:\/\/www.animaco.net\/hologramas-ferias-tecnologicas\/#primaryimage"},"datePublished":"2024-12-04T00:08:34+00:00","dateModified":"2024-12-04T00:08:34+00:00","description":"Destaca en ferias tecnol\u00f3gicas con hologramas que asombran al p\u00fablico.","breadcrumb":{"@id":"https:\/\/www.animaco.net\/hologramas-ferias-tecnologicas\/#breadcrumb"},"inLanguage":"en-US","potentialAction":[{"@type":"ReadAction","target":["https:\/\/www.animaco.net\/hologramas-ferias-tecnologicas\/"]}]},{"@type":"BreadcrumbList","@id":"https:\/\/www.animaco.net\/hologramas-ferias-tecnologicas\/#breadcrumb","itemListElement":[{"@type":"ListItem","position":1,"name":"Inicio","item":"https:\/\/www.animaco.net\/"},{"@type":"ListItem","position":2,"name":"Hologramas","item":"https:\/\/www.animaco.net\/category\/hologramas\/"},{"@type":"ListItem","position":3,"name":"Hologramas para Ferias Tecnol\u00f3gicas"}]},{"@type":"Article","@id":"https:\/\/www.animaco.net\/hologramas-ferias-tecnologicas\/#article","isPartOf":{"@id":"https:\/\/www.animaco.net\/hologramas-ferias-tecnologicas\/#webpage"},"author":{"@id":"https:\/\/www.animaco.net\/#\/schema\/person\/fae70956890529fc87db32536fb5ee0b"},"headline":"Hologramas para Ferias Tecnol\u00f3gicas","datePublished":"2024-12-04T00:08:34+00:00","dateModified":"2024-12-04T00:08:34+00:00","mainEntityOfPage":{"@id":"https:\/\/www.animaco.net\/hologramas-ferias-tecnologicas\/#webpage"},"wordCount":447,"commentCount":0,"publisher":{"@id":"https:\/\/www.animaco.net\/#organization"},"image":{"@id":"https:\/\/www.animaco.net\/hologramas-ferias-tecnologicas\/#primaryimage"},"thumbnailUrl":"https:\/\/www.animaco.net\/wp-content\/uploads\/2024\/08\/z1-banner.webp","keywords":["escenario hologr\u00e1fico","eventos empresariales","ferias tecnol\u00f3gicas","hologramas","marco hologr\u00e1fico","M\u00f3dulo Cubo","M\u00f3dulo Zeta","presentaciones hologr\u00e1ficas","realidad aumentada","stands de exposici\u00f3n"],"articleSection":["Hologramas"],"inLanguage":"en-US","potentialAction":[{"@type":"CommentAction","name":"Comment","target":["https:\/\/www.animaco.net\/hologramas-ferias-tecnologicas\/#respond"]}]},{"@type":"Person","@id":"https:\/\/www.animaco.net\/#\/schema\/person\/fae70956890529fc87db32536fb5ee0b","name":"Animaco","image":{"@type":"ImageObject","@id":"https:\/\/www.animaco.net\/#personlogo","inLanguage":"en-US","url":"https:\/\/secure.gravatar.com\/avatar\/5b52c88852799c7afd8876740f0271db?s=96&d=mm&r=g","contentUrl":"https:\/\/secure.gravatar.com\/avatar\/5b52c88852799c7afd8876740f0271db?s=96&d=mm&r=g","caption":"Animaco"},"description":"Tecnolog\u00edas Futuras","sameAs":["https:\/\/animaco.net"]}]}},"_links":{"self":[{"href":"https:\/\/www.animaco.net\/en\/wp-json\/wp\/v2\/posts\/3424"}],"collection":[{"href":"https:\/\/www.animaco.net\/en\/wp-json\/wp\/v2\/posts"}],"about":[{"href":"https:\/\/www.animaco.net\/en\/wp-json\/wp\/v2\/types\/post"}],"author":[{"embeddable":true,"href":"https:\/\/www.animaco.net\/en\/wp-json\/wp\/v2\/users\/3"}],"replies":[{"embeddable":true,"href":"https:\/\/www.animaco.net\/en\/wp-json\/wp\/v2\/comments?post=3424"}],"version-history":[{"count":0,"href":"https:\/\/www.animaco.net\/en\/wp-json\/wp\/v2\/posts\/3424\/revisions"}],"wp:attachment":[{"href":"https:\/\/www.animaco.net\/en\/wp-json\/wp\/v2\/media?parent=3424"}],"wp:term":[{"taxonomy":"category","embeddable":true,"href":"https:\/\/www.animaco.net\/en\/wp-json\/wp\/v2\/categories?post=3424"},{"taxonomy":"post_tag","embeddable":true,"href":"https:\/\/www.animaco.net\/en\/wp-json\/wp\/v2\/tags?post=3424"}],"curies":[{"name":"wp","href":"https:\/\/api.w.org\/{rel}","templated":true}]}}