{"id":3478,"date":"2024-12-10T17:25:42","date_gmt":"2024-12-10T20:25:42","guid":{"rendered":"https:\/\/www.animaco.net\/?p=3478"},"modified":"2024-12-10T17:25:42","modified_gmt":"2024-12-10T20:25:42","slug":"hologramas-personalizados-ferias-comerciales","status":"publish","type":"post","link":"https:\/\/www.animaco.net\/en\/hologramas-personalizados-ferias-comerciales\/","title":{"rendered":"Hologramas Personalizados para Ferias Comerciales"},"content":{"rendered":"<p>Las ferias comerciales son una oportunidad \u00fanica para destacar en medio del mar de stands y expositores. En Animaco, nos especializamos en ofrecer hologramas personalizados que no solo capturan la atenci\u00f3n de los asistentes, sino que tambi\u00e9n dejan una impresi\u00f3n duradera y memorable. Uno de nuestros clientes anteriores, <a href='https:\/\/exporealestate.com.ar\/' target='_blank' rel=\"nofollow noopener\">Expo Real State Argentina<\/a>, tuvo un \u00e9xito rotundo usando nuestros hologramas de mesa para mostrar sus desarrollos inmobiliarios de manera impactante.<\/p> <p><img src='https:\/\/www.animaco.net\/wp-content\/uploads\/2024\/08\/z1-banner.webp' alt='Holograma de mesa modelo Zeta en un stand de feria' \/><\/p><p>Nuestros <strong>hologramas de mesa<\/strong> son perfectos para ferias comerciales y pueden ir desde los 50cm a los 150cm de ancho, lo que permite adaptarlos a cualquier espacio. Estos dispositivos son incre\u00edblemente vers\u00e1tiles y f\u00e1ciles de transportar, convirti\u00e9ndolos en la herramienta ideal para atraer visitantes a tu stand. El modelo <strong>Zeta<\/strong>, por ejemplo, ofrece una mayor visibilidad gracias a su dise\u00f1o sin paredes laterales.<\/p><p><img src='https:\/\/www.animaco.net\/wp-content\/uploads\/2024\/08\/2024-08-21_04-13-42.jpg' alt='Holograma de mesa modelo Zeta vertical' \/><\/p><p>Si est\u00e1s buscando algo a\u00fan m\u00e1s impresionante, nuestros <strong>hologramas de pie<\/strong> son la elecci\u00f3n perfecta. Estos equipos de aproximadamente 2 metros de altura son ideales para stand de gran escala y eventos que quieren dejar una marca profunda. El <strong>Marco Hologr\u00e1fico<\/strong> y la <strong>Silueta Hologr\u00e1fica<\/strong> son particularmente populares para bienvenidas hologr\u00e1ficas.<\/p><p><img src='https:\/\/www.animaco.net\/wp-content\/uploads\/2024\/08\/IMG_4267.jpg' alt='Holograma Silueta Hologr\u00e1fica para presentaciones' \/><\/p> <p>Un gran ejemplo de uso de estos hologramas fue en la tercera edici\u00f3n de la Hackaton organizada por <a href='https:\/\/www.galicia.ar\/' target='_blank' rel=\"nofollow noopener\">Banco Galicia<\/a>, donde creamos una presentadora hologr\u00e1fica que interactu\u00f3 con los visitantes.<\/p> \n<iframe loading=\"lazy\" title=\"Presentadora Holografica para Banco Galicia\" width=\"1080\" height=\"608\" src=\"https:\/\/www.youtube.com\/embed\/t_wAO6biMbE?feature=oembed\" frameborder=\"0\" allow=\"accelerometer; autoplay; clipboard-write; encrypted-media; gyroscope; picture-in-picture; web-share\" referrerpolicy=\"strict-origin-when-cross-origin\" allowfullscreen><\/iframe>\n<p>Adem\u00e1s, para eventos masivos, ofrecemos <strong>hologramas de escenario<\/strong>. Con dimensiones que pueden variar entre 2 a 6 metros de ancho, estos hologramas son perfectos para presentaciones a gran escala. En el <a href='https:\/\/www.animaco.net\/en\/proyectos\/flebolinfo2016-hologramas-sobre-el-escenario\/' target='_blank' rel=\"nofollow noopener\">Congreso del Bicentenario<\/a> en el <a href='https:\/\/www.ihg.com\/intercontinental\/hotels\/us\/en\/buenos-aires\/bueha\/hoteldetail' target='_blank' rel=\"nofollow noopener\">Hotel Intercontinental<\/a>, se utiliz\u00f3 un escenario hologr\u00e1fico de 4 metros para una presentaci\u00f3n m\u00e9dica que dej\u00f3 a todos maravillados.<\/p> \n<iframe loading=\"lazy\" title=\"Escenario Hologr\u00e1fico | Congreso del bicentenario flebolinfo2016| @Hotel Internacional Buenos Aires\" width=\"1080\" height=\"608\" src=\"https:\/\/www.youtube.com\/embed\/xjtJzSyylXU?feature=oembed\" frameborder=\"0\" allow=\"accelerometer; autoplay; clipboard-write; encrypted-media; gyroscope; picture-in-picture; web-share\" referrerpolicy=\"strict-origin-when-cross-origin\" allowfullscreen><\/iframe>\n <p>Finalmente, nuestros hologramas no solo son visualmente impactantes, sino que tambi\u00e9n cuentan con capacidades interactivas. Ya sea a trav\u00e9s de control por voz, gestos o incluso smartphones, la interactividad eleva la experiencia a otro nivel. Esto fue ejemplificado en el evento InnovatiBA del <a href='https:\/\/buenosaires.gob.ar\/noticias\/el-futuro-y-la-innovacion-los-grandes-protagonistas-de-innovatiba-2018' target='_blank' rel=\"nofollow noopener\">Gobierno de la Ciudad de Buenos Aires<\/a>, donde un presentador hologr\u00e1fico dio la bienvenida a los asistentes.<\/p> <img src='https:\/\/www.animaco.net\/wp-content\/uploads\/2024\/08\/IMG_4365.jpg' alt='Holograma Marco Hologr\u00e1fico en InnovatiBA' \/> <p>\u00bfInteresado en hacer que tu pr\u00f3xima presentaci\u00f3n en una feria comercial sea inolvidable? Contactanos para una cotizaci\u00f3n personalizada.<\/p> <img src='https:\/\/www.animaco.net\/wp-content\/uploads\/2024\/08\/animaco-en-a24.jpg' alt='Cofundadores de Animaco' \/>","protected":false},"excerpt":{"rendered":"<p>Las ferias comerciales son una oportunidad \u00fanica para destacar en medio del mar de stands y expositores. En Animaco, nos especializamos en ofrecer hologramas personalizados que no solo capturan la&#8230;<\/p>","protected":false},"author":3,"featured_media":0,"comment_status":"open","ping_status":"open","sticky":false,"template":"","format":"standard","meta":[],"categories":[178],"tags":[83,2052,660,80,108,345,1014,61,1532,115],"yoast_head":"<!-- This site is optimized with the Yoast SEO Premium plugin v16.9 (Yoast SEO v16.9) - https:\/\/yoast.com\/wordpress\/plugins\/seo\/ -->\n<title>Hologramas Personalizados para Ferias Comerciales - Animaco<\/title>\n<meta name=\"description\" content=\"Llama la atenci\u00f3n en ferias comerciales con hologramas a medida.\" \/>\n<meta name=\"robots\" content=\"index, follow, max-snippet:-1, max-image-preview:large, max-video-preview:-1\" \/>\n<link rel=\"canonical\" href=\"https:\/\/www.animaco.net\/en\/hologramas-personalizados-ferias-comerciales\/\" \/>\n<meta property=\"og:locale\" content=\"en_US\" \/>\n<meta property=\"og:type\" content=\"article\" \/>\n<meta property=\"og:title\" content=\"Hologramas Personalizados para Ferias Comerciales\" \/>\n<meta property=\"og:description\" content=\"Llama la atenci\u00f3n en ferias comerciales con hologramas a medida.\" \/>\n<meta property=\"og:url\" content=\"https:\/\/www.animaco.net\/en\/hologramas-personalizados-ferias-comerciales\/\" \/>\n<meta property=\"og:site_name\" content=\"Animaco\" \/>\n<meta property=\"article:publisher\" content=\"https:\/\/www.facebook.com\/Animaconet\" \/>\n<meta property=\"article:published_time\" content=\"2024-12-10T20:25:42+00:00\" \/>\n<meta property=\"og:image\" content=\"https:\/\/www.animaco.net\/wp-content\/uploads\/2024\/08\/z1-banner.webp\" \/>\n<meta name=\"twitter:card\" content=\"summary_large_image\" \/>\n<meta name=\"twitter:label1\" content=\"Written by\" \/>\n\t<meta name=\"twitter:data1\" content=\"Animaco\" \/>\n\t<meta name=\"twitter:label2\" content=\"Est. reading time\" \/>\n\t<meta name=\"twitter:data2\" content=\"2 minutes\" \/>\n<script type=\"application\/ld+json\" class=\"yoast-schema-graph\">{\"@context\":\"https:\/\/schema.org\",\"@graph\":[{\"@type\":\"Organization\",\"@id\":\"https:\/\/www.animaco.net\/#organization\",\"name\":\"Animaco\",\"url\":\"https:\/\/www.animaco.net\/\",\"sameAs\":[\"https:\/\/www.facebook.com\/Animaconet\",\"https:\/\/www.instagram.com\/animaconet\",\"https:\/\/www.linkedin.com\/company\/71689351\",\"https:\/\/www.youtube.com\/@AnimacoNett\"],\"logo\":{\"@type\":\"ImageObject\",\"@id\":\"https:\/\/www.animaco.net\/#logo\",\"inLanguage\":\"en-US\",\"url\":\"https:\/\/www.animaco.net\/wp-content\/uploads\/2018\/04\/animaco-logo-2017-min.png\",\"contentUrl\":\"https:\/\/www.animaco.net\/wp-content\/uploads\/2018\/04\/animaco-logo-2017-min.png\",\"width\":121,\"height\":34,\"caption\":\"Animaco\"},\"image\":{\"@id\":\"https:\/\/www.animaco.net\/#logo\"}},{\"@type\":\"WebSite\",\"@id\":\"https:\/\/www.animaco.net\/#website\",\"url\":\"https:\/\/www.animaco.net\/\",\"name\":\"Animaco\",\"description\":\"Animaco crea experiencias totalmente futuristas y desarrolla proyectos innovadores con el uso de nuevas tecnolog\\u00edas\",\"publisher\":{\"@id\":\"https:\/\/www.animaco.net\/#organization\"},\"potentialAction\":[{\"@type\":\"SearchAction\",\"target\":{\"@type\":\"EntryPoint\",\"urlTemplate\":\"https:\/\/www.animaco.net\/?s={search_term_string}\"},\"query-input\":\"required name=search_term_string\"}],\"inLanguage\":\"en-US\"},{\"@type\":\"ImageObject\",\"@id\":\"https:\/\/www.animaco.net\/hologramas-personalizados-ferias-comerciales\/#primaryimage\",\"inLanguage\":\"en-US\",\"url\":\"https:\/\/www.animaco.net\/wp-content\/uploads\/2024\/08\/z1-banner.webp\",\"contentUrl\":\"https:\/\/www.animaco.net\/wp-content\/uploads\/2024\/08\/z1-banner.webp\",\"width\":3000,\"height\":1130,\"caption\":\"una mujer mostrando un edificio holografico a su cliente usando un modulo holografico de Animaco\"},{\"@type\":[\"WebPage\",\"ItemPage\"],\"@id\":\"https:\/\/www.animaco.net\/hologramas-personalizados-ferias-comerciales\/#webpage\",\"url\":\"https:\/\/www.animaco.net\/hologramas-personalizados-ferias-comerciales\/\",\"name\":\"Hologramas Personalizados para Ferias Comerciales - Animaco\",\"isPartOf\":{\"@id\":\"https:\/\/www.animaco.net\/#website\"},\"primaryImageOfPage\":{\"@id\":\"https:\/\/www.animaco.net\/hologramas-personalizados-ferias-comerciales\/#primaryimage\"},\"datePublished\":\"2024-12-10T20:25:42+00:00\",\"dateModified\":\"2024-12-10T20:25:42+00:00\",\"description\":\"Llama la atenci\\u00f3n en ferias comerciales con hologramas a medida.\",\"breadcrumb\":{\"@id\":\"https:\/\/www.animaco.net\/hologramas-personalizados-ferias-comerciales\/#breadcrumb\"},\"inLanguage\":\"en-US\",\"potentialAction\":[{\"@type\":\"ReadAction\",\"target\":[\"https:\/\/www.animaco.net\/hologramas-personalizados-ferias-comerciales\/\"]}]},{\"@type\":\"BreadcrumbList\",\"@id\":\"https:\/\/www.animaco.net\/hologramas-personalizados-ferias-comerciales\/#breadcrumb\",\"itemListElement\":[{\"@type\":\"ListItem\",\"position\":1,\"name\":\"Inicio\",\"item\":\"https:\/\/www.animaco.net\/\"},{\"@type\":\"ListItem\",\"position\":2,\"name\":\"Hologramas\",\"item\":\"https:\/\/www.animaco.net\/category\/hologramas\/\"},{\"@type\":\"ListItem\",\"position\":3,\"name\":\"Hologramas Personalizados para Ferias Comerciales\"}]},{\"@type\":\"Article\",\"@id\":\"https:\/\/www.animaco.net\/hologramas-personalizados-ferias-comerciales\/#article\",\"isPartOf\":{\"@id\":\"https:\/\/www.animaco.net\/hologramas-personalizados-ferias-comerciales\/#webpage\"},\"author\":{\"@id\":\"https:\/\/www.animaco.net\/#\/schema\/person\/fae70956890529fc87db32536fb5ee0b\"},\"headline\":\"Hologramas Personalizados para Ferias Comerciales\",\"datePublished\":\"2024-12-10T20:25:42+00:00\",\"dateModified\":\"2024-12-10T20:25:42+00:00\",\"mainEntityOfPage\":{\"@id\":\"https:\/\/www.animaco.net\/hologramas-personalizados-ferias-comerciales\/#webpage\"},\"wordCount\":384,\"commentCount\":0,\"publisher\":{\"@id\":\"https:\/\/www.animaco.net\/#organization\"},\"image\":{\"@id\":\"https:\/\/www.animaco.net\/hologramas-personalizados-ferias-comerciales\/#primaryimage\"},\"thumbnailUrl\":\"https:\/\/www.animaco.net\/wp-content\/uploads\/2024\/08\/z1-banner.webp\",\"keywords\":[\"eventos empresariales\",\"expositores\",\"ferias comerciales\",\"hologramas personalizados\",\"impacto visual\",\"interacci\\u00f3n hologr\\u00e1fica\",\"marketing digital\",\"presentaciones hologr\\u00e1ficas\",\"stands de feria\",\"tecnolog\\u00eda innovadora\"],\"articleSection\":[\"Hologramas\"],\"inLanguage\":\"en-US\",\"potentialAction\":[{\"@type\":\"CommentAction\",\"name\":\"Comment\",\"target\":[\"https:\/\/www.animaco.net\/hologramas-personalizados-ferias-comerciales\/#respond\"]}]},{\"@type\":\"Person\",\"@id\":\"https:\/\/www.animaco.net\/#\/schema\/person\/fae70956890529fc87db32536fb5ee0b\",\"name\":\"Animaco\",\"image\":{\"@type\":\"ImageObject\",\"@id\":\"https:\/\/www.animaco.net\/#personlogo\",\"inLanguage\":\"en-US\",\"url\":\"https:\/\/secure.gravatar.com\/avatar\/5b52c88852799c7afd8876740f0271db?s=96&d=mm&r=g\",\"contentUrl\":\"https:\/\/secure.gravatar.com\/avatar\/5b52c88852799c7afd8876740f0271db?s=96&d=mm&r=g\",\"caption\":\"Animaco\"},\"description\":\"Tecnolog\\u00edas Futuras\",\"sameAs\":[\"https:\/\/animaco.net\"]}]}<\/script>\n<!-- \/ Yoast SEO Premium plugin. -->","yoast_head_json":{"title":"Hologramas Personalizados para Ferias Comerciales - Animaco","description":"Llama la atenci\u00f3n en ferias comerciales con hologramas a medida.","robots":{"index":"index","follow":"follow","max-snippet":"max-snippet:-1","max-image-preview":"max-image-preview:large","max-video-preview":"max-video-preview:-1"},"canonical":"https:\/\/www.animaco.net\/en\/hologramas-personalizados-ferias-comerciales\/","og_locale":"en_US","og_type":"article","og_title":"Hologramas Personalizados para Ferias Comerciales","og_description":"Llama la atenci\u00f3n en ferias comerciales con hologramas a medida.","og_url":"https:\/\/www.animaco.net\/en\/hologramas-personalizados-ferias-comerciales\/","og_site_name":"Animaco","article_publisher":"https:\/\/www.facebook.com\/Animaconet","article_published_time":"2024-12-10T20:25:42+00:00","og_image":[{"url":"https:\/\/www.animaco.net\/wp-content\/uploads\/2024\/08\/z1-banner.webp"}],"twitter_card":"summary_large_image","twitter_misc":{"Written by":"Animaco","Est. reading time":"2 minutes"},"schema":{"@context":"https:\/\/schema.org","@graph":[{"@type":"Organization","@id":"https:\/\/www.animaco.net\/#organization","name":"Animaco","url":"https:\/\/www.animaco.net\/","sameAs":["https:\/\/www.facebook.com\/Animaconet","https:\/\/www.instagram.com\/animaconet","https:\/\/www.linkedin.com\/company\/71689351","https:\/\/www.youtube.com\/@AnimacoNett"],"logo":{"@type":"ImageObject","@id":"https:\/\/www.animaco.net\/#logo","inLanguage":"en-US","url":"https:\/\/www.animaco.net\/wp-content\/uploads\/2018\/04\/animaco-logo-2017-min.png","contentUrl":"https:\/\/www.animaco.net\/wp-content\/uploads\/2018\/04\/animaco-logo-2017-min.png","width":121,"height":34,"caption":"Animaco"},"image":{"@id":"https:\/\/www.animaco.net\/#logo"}},{"@type":"WebSite","@id":"https:\/\/www.animaco.net\/#website","url":"https:\/\/www.animaco.net\/","name":"Animaco","description":"Animaco crea experiencias totalmente futuristas y desarrolla proyectos innovadores con el uso de nuevas tecnolog\u00edas","publisher":{"@id":"https:\/\/www.animaco.net\/#organization"},"potentialAction":[{"@type":"SearchAction","target":{"@type":"EntryPoint","urlTemplate":"https:\/\/www.animaco.net\/?s={search_term_string}"},"query-input":"required name=search_term_string"}],"inLanguage":"en-US"},{"@type":"ImageObject","@id":"https:\/\/www.animaco.net\/hologramas-personalizados-ferias-comerciales\/#primaryimage","inLanguage":"en-US","url":"https:\/\/www.animaco.net\/wp-content\/uploads\/2024\/08\/z1-banner.webp","contentUrl":"https:\/\/www.animaco.net\/wp-content\/uploads\/2024\/08\/z1-banner.webp","width":3000,"height":1130,"caption":"una mujer mostrando un edificio holografico a su cliente usando un modulo holografico de Animaco"},{"@type":["WebPage","ItemPage"],"@id":"https:\/\/www.animaco.net\/hologramas-personalizados-ferias-comerciales\/#webpage","url":"https:\/\/www.animaco.net\/hologramas-personalizados-ferias-comerciales\/","name":"Hologramas Personalizados para Ferias Comerciales - Animaco","isPartOf":{"@id":"https:\/\/www.animaco.net\/#website"},"primaryImageOfPage":{"@id":"https:\/\/www.animaco.net\/hologramas-personalizados-ferias-comerciales\/#primaryimage"},"datePublished":"2024-12-10T20:25:42+00:00","dateModified":"2024-12-10T20:25:42+00:00","description":"Llama la atenci\u00f3n en ferias comerciales con hologramas a medida.","breadcrumb":{"@id":"https:\/\/www.animaco.net\/hologramas-personalizados-ferias-comerciales\/#breadcrumb"},"inLanguage":"en-US","potentialAction":[{"@type":"ReadAction","target":["https:\/\/www.animaco.net\/hologramas-personalizados-ferias-comerciales\/"]}]},{"@type":"BreadcrumbList","@id":"https:\/\/www.animaco.net\/hologramas-personalizados-ferias-comerciales\/#breadcrumb","itemListElement":[{"@type":"ListItem","position":1,"name":"Inicio","item":"https:\/\/www.animaco.net\/"},{"@type":"ListItem","position":2,"name":"Hologramas","item":"https:\/\/www.animaco.net\/category\/hologramas\/"},{"@type":"ListItem","position":3,"name":"Hologramas Personalizados para Ferias Comerciales"}]},{"@type":"Article","@id":"https:\/\/www.animaco.net\/hologramas-personalizados-ferias-comerciales\/#article","isPartOf":{"@id":"https:\/\/www.animaco.net\/hologramas-personalizados-ferias-comerciales\/#webpage"},"author":{"@id":"https:\/\/www.animaco.net\/#\/schema\/person\/fae70956890529fc87db32536fb5ee0b"},"headline":"Hologramas Personalizados para Ferias Comerciales","datePublished":"2024-12-10T20:25:42+00:00","dateModified":"2024-12-10T20:25:42+00:00","mainEntityOfPage":{"@id":"https:\/\/www.animaco.net\/hologramas-personalizados-ferias-comerciales\/#webpage"},"wordCount":384,"commentCount":0,"publisher":{"@id":"https:\/\/www.animaco.net\/#organization"},"image":{"@id":"https:\/\/www.animaco.net\/hologramas-personalizados-ferias-comerciales\/#primaryimage"},"thumbnailUrl":"https:\/\/www.animaco.net\/wp-content\/uploads\/2024\/08\/z1-banner.webp","keywords":["eventos empresariales","expositores","ferias comerciales","hologramas personalizados","impacto visual","interacci\u00f3n hologr\u00e1fica","marketing digital","presentaciones hologr\u00e1ficas","stands de feria","tecnolog\u00eda innovadora"],"articleSection":["Hologramas"],"inLanguage":"en-US","potentialAction":[{"@type":"CommentAction","name":"Comment","target":["https:\/\/www.animaco.net\/hologramas-personalizados-ferias-comerciales\/#respond"]}]},{"@type":"Person","@id":"https:\/\/www.animaco.net\/#\/schema\/person\/fae70956890529fc87db32536fb5ee0b","name":"Animaco","image":{"@type":"ImageObject","@id":"https:\/\/www.animaco.net\/#personlogo","inLanguage":"en-US","url":"https:\/\/secure.gravatar.com\/avatar\/5b52c88852799c7afd8876740f0271db?s=96&d=mm&r=g","contentUrl":"https:\/\/secure.gravatar.com\/avatar\/5b52c88852799c7afd8876740f0271db?s=96&d=mm&r=g","caption":"Animaco"},"description":"Tecnolog\u00edas Futuras","sameAs":["https:\/\/animaco.net"]}]}},"_links":{"self":[{"href":"https:\/\/www.animaco.net\/en\/wp-json\/wp\/v2\/posts\/3478"}],"collection":[{"href":"https:\/\/www.animaco.net\/en\/wp-json\/wp\/v2\/posts"}],"about":[{"href":"https:\/\/www.animaco.net\/en\/wp-json\/wp\/v2\/types\/post"}],"author":[{"embeddable":true,"href":"https:\/\/www.animaco.net\/en\/wp-json\/wp\/v2\/users\/3"}],"replies":[{"embeddable":true,"href":"https:\/\/www.animaco.net\/en\/wp-json\/wp\/v2\/comments?post=3478"}],"version-history":[{"count":0,"href":"https:\/\/www.animaco.net\/en\/wp-json\/wp\/v2\/posts\/3478\/revisions"}],"wp:attachment":[{"href":"https:\/\/www.animaco.net\/en\/wp-json\/wp\/v2\/media?parent=3478"}],"wp:term":[{"taxonomy":"category","embeddable":true,"href":"https:\/\/www.animaco.net\/en\/wp-json\/wp\/v2\/categories?post=3478"},{"taxonomy":"post_tag","embeddable":true,"href":"https:\/\/www.animaco.net\/en\/wp-json\/wp\/v2\/tags?post=3478"}],"curies":[{"name":"wp","href":"https:\/\/api.w.org\/{rel}","templated":true}]}}