{"id":3517,"date":"2024-12-15T15:34:17","date_gmt":"2024-12-15T18:34:17","guid":{"rendered":"https:\/\/www.animaco.net\/?p=3517"},"modified":"2024-12-15T15:34:17","modified_gmt":"2024-12-15T18:34:17","slug":"alquiler-hologramas-ferias-comerciales","status":"publish","type":"post","link":"https:\/\/www.animaco.net\/en\/alquiler-hologramas-ferias-comerciales\/","title":{"rendered":"Alquiler de Hologramas para Ferias Comerciales"},"content":{"rendered":"<p>Las ferias comerciales son eventos excelentes para atraer la atenci\u00f3n de clientes potenciales y destacar frente a la competencia. Una de las maneras m\u00e1s efectivas para lograr este objetivo es utilizando hologramas de alta calidad. En Animaco, ofrecemos una gama de soluciones hologr\u00e1ficas que te permitir\u00e1n captar la atenci\u00f3n de todos los presentes y hacer que tu stand sea inolvidable.<\/p> <h2>Modelos de hologramas para ferias comerciales<\/h2> <p>A continuaci\u00f3n, te contamos sobre algunos de los modelos de hologramas m\u00e1s populares para ferias comerciales:<\/p> <h3>Hologramas de Mesa<\/h3> <p>Los hologramas de mesa son ideales si cont\u00e1s con un espacio limitado en tu stand. Estos equipos de sobremesa pueden ir de los 50 cm a los 150 cm de ancho, permitiendo mostrar contenidos hologr\u00e1ficos sin ocupar mucho lugar y son f\u00e1ciles de transportar.<\/p> <p>Estos hologramas son perfectos para demostrar productos, explicar servicios o procesos, e incluso reemplazar maquetas tradicionales. El M\u00f3dulo Cubo, por ejemplo, permite poner objetos dentro de los m\u00f3dulos, creando una experiencia de realidad aumentada.<\/p><img src='https:\/\/www.animaco.net\/wp-content\/uploads\/2024\/08\/holoz1-09.jpg' alt='M\u00f3dulo Zeta'> <h3>Hologramas de Pie<\/h3> <p>Si buscas algo que realmente deje una marca en los visitantes de la feria, los hologramas de pie son la opci\u00f3n perfecta. Estos equipos son del tama\u00f1o de una persona y pueden mostrar contenido hologr\u00e1fico a escala real. Son ideales para presentaciones de alto impacto, como lo hizo Banco Galicia en una de sus hackatones con su presentadora virtual, Gala.<\/p> <img src='https:\/\/www.animaco.net\/wp-content\/uploads\/2024\/08\/IMG_4267.jpg' alt='Holograma de pie, Banco Galicia'> <p>Estos hologramas tambi\u00e9n pueden ser interactivos. El modelo Silueta Hologr\u00e1fica puede recibir a tus invitados con un saludo especial o mostrar el logo de tu empresa, algo que hemos desarrollado para Banco Galicia y el Gobierno de la Ciudad.<\/p><img src='https:\/\/www.animaco.net\/wp-content\/uploads\/2024\/08\/IMG_4365.jpg' alt='Holograma de pie, InnovatiBA'> <h3>Hologramas de Escenario<\/h3> <p>Para presentaciones de mayor envergadura, como seminarios o lanzamientos de productos, los hologramas de escenario son ideales. Estos van desde 2 hasta 6 metros de ancho y pueden mostrar tanto contenido pregrabado como en vivo. Es la opci\u00f3n perfecta para ferias comerciales que buscan impacto visual a gran escala, como lo hicimos para el Congreso de flebolinfo en el Hotel Intercontinental.<\/p> <img src='https:\/\/www.animaco.net\/wp-content\/uploads\/2024\/08\/2024-08-21_20-03-30.jpg' alt='Holograma de Escenario'> \n <iframe loading=\"lazy\" title=\"Escenario Hologr\u00e1fico | Congreso del bicentenario flebolinfo2016| @Hotel Internacional Buenos Aires\" width=\"1080\" height=\"608\" src=\"https:\/\/www.youtube.com\/embed\/xjtJzSyylXU?feature=oembed\" frameborder=\"0\" allow=\"accelerometer; autoplay; clipboard-write; encrypted-media; gyroscope; picture-in-picture; web-share\" referrerpolicy=\"strict-origin-when-cross-origin\" allowfullscreen><\/iframe> \n <p>An\u00edmate a transformar tu participaci\u00f3n en ferias comerciales con nuestros hologramas. Si busc\u00e1s destacarte y captar la atenci\u00f3n del p\u00fablico, nuestros equipos est\u00e1n dise\u00f1ados a medida para cumplir esa misi\u00f3n.<\/p> <p>Para m\u00e1s informaci\u00f3n y cotizaciones, no dudes en contactarnos.<\/p> <img src='https:\/\/www.animaco.net\/wp-content\/uploads\/2024\/08\/animacoapic.jpg' alt='Logo de Animaco'>","protected":false},"excerpt":{"rendered":"<p>Las ferias comerciales son eventos excelentes para atraer la atenci\u00f3n de clientes potenciales y destacar frente a la competencia. Una de las maneras m\u00e1s efectivas para lograr este objetivo es&#8230;<\/p>","protected":false},"author":3,"featured_media":0,"comment_status":"open","ping_status":"open","sticky":false,"template":"","format":"standard","meta":[],"categories":[178],"tags":[2124,2127,1629,2126,2125,90,1534,1485,61,506],"yoast_head":"<!-- This site is optimized with the Yoast SEO Premium plugin v16.9 (Yoast SEO v16.9) - https:\/\/yoast.com\/wordpress\/plugins\/seo\/ -->\n<title>Alquiler de Hologramas para Ferias Comerciales - Animaco<\/title>\n<meta name=\"description\" content=\"Atrapa la atenci\u00f3n en ferias comerciales ofreciendo alquiler de hologramas llamativos.\" \/>\n<meta name=\"robots\" content=\"index, follow, max-snippet:-1, max-image-preview:large, max-video-preview:-1\" \/>\n<link rel=\"canonical\" href=\"https:\/\/www.animaco.net\/en\/alquiler-hologramas-ferias-comerciales\/\" \/>\n<meta property=\"og:locale\" content=\"en_US\" \/>\n<meta property=\"og:type\" content=\"article\" \/>\n<meta property=\"og:title\" content=\"Alquiler de Hologramas para Ferias Comerciales\" \/>\n<meta property=\"og:description\" content=\"Atrapa la atenci\u00f3n en ferias comerciales ofreciendo alquiler de hologramas llamativos.\" \/>\n<meta property=\"og:url\" content=\"https:\/\/www.animaco.net\/en\/alquiler-hologramas-ferias-comerciales\/\" \/>\n<meta property=\"og:site_name\" content=\"Animaco\" \/>\n<meta property=\"article:publisher\" content=\"https:\/\/www.facebook.com\/Animaconet\" \/>\n<meta property=\"article:published_time\" content=\"2024-12-15T18:34:17+00:00\" \/>\n<meta property=\"og:image\" content=\"https:\/\/www.animaco.net\/wp-content\/uploads\/2024\/08\/holoz1-09.jpg\" \/>\n<meta name=\"twitter:card\" content=\"summary_large_image\" \/>\n<meta name=\"twitter:label1\" content=\"Written by\" \/>\n\t<meta name=\"twitter:data1\" content=\"Animaco\" \/>\n\t<meta name=\"twitter:label2\" content=\"Est. reading time\" \/>\n\t<meta name=\"twitter:data2\" content=\"2 minutes\" \/>\n<script type=\"application\/ld+json\" class=\"yoast-schema-graph\">{\"@context\":\"https:\/\/schema.org\",\"@graph\":[{\"@type\":\"Organization\",\"@id\":\"https:\/\/www.animaco.net\/#organization\",\"name\":\"Animaco\",\"url\":\"https:\/\/www.animaco.net\/\",\"sameAs\":[\"https:\/\/www.facebook.com\/Animaconet\",\"https:\/\/www.instagram.com\/animaconet\",\"https:\/\/www.linkedin.com\/company\/71689351\",\"https:\/\/www.youtube.com\/@AnimacoNett\"],\"logo\":{\"@type\":\"ImageObject\",\"@id\":\"https:\/\/www.animaco.net\/#logo\",\"inLanguage\":\"en-US\",\"url\":\"https:\/\/www.animaco.net\/wp-content\/uploads\/2018\/04\/animaco-logo-2017-min.png\",\"contentUrl\":\"https:\/\/www.animaco.net\/wp-content\/uploads\/2018\/04\/animaco-logo-2017-min.png\",\"width\":121,\"height\":34,\"caption\":\"Animaco\"},\"image\":{\"@id\":\"https:\/\/www.animaco.net\/#logo\"}},{\"@type\":\"WebSite\",\"@id\":\"https:\/\/www.animaco.net\/#website\",\"url\":\"https:\/\/www.animaco.net\/\",\"name\":\"Animaco\",\"description\":\"Animaco crea experiencias totalmente futuristas y desarrolla proyectos innovadores con el uso de nuevas tecnolog\\u00edas\",\"publisher\":{\"@id\":\"https:\/\/www.animaco.net\/#organization\"},\"potentialAction\":[{\"@type\":\"SearchAction\",\"target\":{\"@type\":\"EntryPoint\",\"urlTemplate\":\"https:\/\/www.animaco.net\/?s={search_term_string}\"},\"query-input\":\"required name=search_term_string\"}],\"inLanguage\":\"en-US\"},{\"@type\":\"ImageObject\",\"@id\":\"https:\/\/www.animaco.net\/alquiler-hologramas-ferias-comerciales\/#primaryimage\",\"inLanguage\":\"en-US\",\"url\":\"https:\/\/www.animaco.net\/wp-content\/uploads\/2024\/08\/holoz1-09.jpg\",\"contentUrl\":\"https:\/\/www.animaco.net\/wp-content\/uploads\/2024\/08\/holoz1-09.jpg\",\"width\":3840,\"height\":2160,\"caption\":\"Mujer tomando fotografia a un m\\u00f3dulo hologr\\u00e1fico zeta de Animaco\"},{\"@type\":[\"WebPage\",\"ItemPage\"],\"@id\":\"https:\/\/www.animaco.net\/alquiler-hologramas-ferias-comerciales\/#webpage\",\"url\":\"https:\/\/www.animaco.net\/alquiler-hologramas-ferias-comerciales\/\",\"name\":\"Alquiler de Hologramas para Ferias Comerciales - Animaco\",\"isPartOf\":{\"@id\":\"https:\/\/www.animaco.net\/#website\"},\"primaryImageOfPage\":{\"@id\":\"https:\/\/www.animaco.net\/alquiler-hologramas-ferias-comerciales\/#primaryimage\"},\"datePublished\":\"2024-12-15T18:34:17+00:00\",\"dateModified\":\"2024-12-15T18:34:17+00:00\",\"description\":\"Atrapa la atenci\\u00f3n en ferias comerciales ofreciendo alquiler de hologramas llamativos.\",\"breadcrumb\":{\"@id\":\"https:\/\/www.animaco.net\/alquiler-hologramas-ferias-comerciales\/#breadcrumb\"},\"inLanguage\":\"en-US\",\"potentialAction\":[{\"@type\":\"ReadAction\",\"target\":[\"https:\/\/www.animaco.net\/alquiler-hologramas-ferias-comerciales\/\"]}]},{\"@type\":\"BreadcrumbList\",\"@id\":\"https:\/\/www.animaco.net\/alquiler-hologramas-ferias-comerciales\/#breadcrumb\",\"itemListElement\":[{\"@type\":\"ListItem\",\"position\":1,\"name\":\"Inicio\",\"item\":\"https:\/\/www.animaco.net\/\"},{\"@type\":\"ListItem\",\"position\":2,\"name\":\"Hologramas\",\"item\":\"https:\/\/www.animaco.net\/category\/hologramas\/\"},{\"@type\":\"ListItem\",\"position\":3,\"name\":\"Alquiler de Hologramas para Ferias Comerciales\"}]},{\"@type\":\"Article\",\"@id\":\"https:\/\/www.animaco.net\/alquiler-hologramas-ferias-comerciales\/#article\",\"isPartOf\":{\"@id\":\"https:\/\/www.animaco.net\/alquiler-hologramas-ferias-comerciales\/#webpage\"},\"author\":{\"@id\":\"https:\/\/www.animaco.net\/#\/schema\/person\/fae70956890529fc87db32536fb5ee0b\"},\"headline\":\"Alquiler de Hologramas para Ferias Comerciales\",\"datePublished\":\"2024-12-15T18:34:17+00:00\",\"dateModified\":\"2024-12-15T18:34:17+00:00\",\"mainEntityOfPage\":{\"@id\":\"https:\/\/www.animaco.net\/alquiler-hologramas-ferias-comerciales\/#webpage\"},\"wordCount\":402,\"commentCount\":0,\"publisher\":{\"@id\":\"https:\/\/www.animaco.net\/#organization\"},\"image\":{\"@id\":\"https:\/\/www.animaco.net\/alquiler-hologramas-ferias-comerciales\/#primaryimage\"},\"thumbnailUrl\":\"https:\/\/www.animaco.net\/wp-content\/uploads\/2024\/08\/holoz1-09.jpg\",\"keywords\":[\"alquiler hologramas ferias comerciales\",\"destacarse con hologramas\",\"hologramas de mesa para ferias\",\"hologramas de pie para exposiciones\",\"hologramas para eventos comerciales\",\"hologramas para stands\",\"impacto visual en ferias\",\"interacci\\u00f3n con hologramas\",\"presentaciones hologr\\u00e1ficas\",\"productos hologr\\u00e1ficos\"],\"articleSection\":[\"Hologramas\"],\"inLanguage\":\"en-US\",\"potentialAction\":[{\"@type\":\"CommentAction\",\"name\":\"Comment\",\"target\":[\"https:\/\/www.animaco.net\/alquiler-hologramas-ferias-comerciales\/#respond\"]}]},{\"@type\":\"Person\",\"@id\":\"https:\/\/www.animaco.net\/#\/schema\/person\/fae70956890529fc87db32536fb5ee0b\",\"name\":\"Animaco\",\"image\":{\"@type\":\"ImageObject\",\"@id\":\"https:\/\/www.animaco.net\/#personlogo\",\"inLanguage\":\"en-US\",\"url\":\"https:\/\/secure.gravatar.com\/avatar\/5b52c88852799c7afd8876740f0271db?s=96&d=mm&r=g\",\"contentUrl\":\"https:\/\/secure.gravatar.com\/avatar\/5b52c88852799c7afd8876740f0271db?s=96&d=mm&r=g\",\"caption\":\"Animaco\"},\"description\":\"Tecnolog\\u00edas Futuras\",\"sameAs\":[\"https:\/\/animaco.net\"]}]}<\/script>\n<!-- \/ Yoast SEO Premium plugin. -->","yoast_head_json":{"title":"Alquiler de Hologramas para Ferias Comerciales - Animaco","description":"Atrapa la atenci\u00f3n en ferias comerciales ofreciendo alquiler de hologramas llamativos.","robots":{"index":"index","follow":"follow","max-snippet":"max-snippet:-1","max-image-preview":"max-image-preview:large","max-video-preview":"max-video-preview:-1"},"canonical":"https:\/\/www.animaco.net\/en\/alquiler-hologramas-ferias-comerciales\/","og_locale":"en_US","og_type":"article","og_title":"Alquiler de Hologramas para Ferias Comerciales","og_description":"Atrapa la atenci\u00f3n en ferias comerciales ofreciendo alquiler de hologramas llamativos.","og_url":"https:\/\/www.animaco.net\/en\/alquiler-hologramas-ferias-comerciales\/","og_site_name":"Animaco","article_publisher":"https:\/\/www.facebook.com\/Animaconet","article_published_time":"2024-12-15T18:34:17+00:00","og_image":[{"url":"https:\/\/www.animaco.net\/wp-content\/uploads\/2024\/08\/holoz1-09.jpg"}],"twitter_card":"summary_large_image","twitter_misc":{"Written by":"Animaco","Est. reading time":"2 minutes"},"schema":{"@context":"https:\/\/schema.org","@graph":[{"@type":"Organization","@id":"https:\/\/www.animaco.net\/#organization","name":"Animaco","url":"https:\/\/www.animaco.net\/","sameAs":["https:\/\/www.facebook.com\/Animaconet","https:\/\/www.instagram.com\/animaconet","https:\/\/www.linkedin.com\/company\/71689351","https:\/\/www.youtube.com\/@AnimacoNett"],"logo":{"@type":"ImageObject","@id":"https:\/\/www.animaco.net\/#logo","inLanguage":"en-US","url":"https:\/\/www.animaco.net\/wp-content\/uploads\/2018\/04\/animaco-logo-2017-min.png","contentUrl":"https:\/\/www.animaco.net\/wp-content\/uploads\/2018\/04\/animaco-logo-2017-min.png","width":121,"height":34,"caption":"Animaco"},"image":{"@id":"https:\/\/www.animaco.net\/#logo"}},{"@type":"WebSite","@id":"https:\/\/www.animaco.net\/#website","url":"https:\/\/www.animaco.net\/","name":"Animaco","description":"Animaco crea experiencias totalmente futuristas y desarrolla proyectos innovadores con el uso de nuevas tecnolog\u00edas","publisher":{"@id":"https:\/\/www.animaco.net\/#organization"},"potentialAction":[{"@type":"SearchAction","target":{"@type":"EntryPoint","urlTemplate":"https:\/\/www.animaco.net\/?s={search_term_string}"},"query-input":"required name=search_term_string"}],"inLanguage":"en-US"},{"@type":"ImageObject","@id":"https:\/\/www.animaco.net\/alquiler-hologramas-ferias-comerciales\/#primaryimage","inLanguage":"en-US","url":"https:\/\/www.animaco.net\/wp-content\/uploads\/2024\/08\/holoz1-09.jpg","contentUrl":"https:\/\/www.animaco.net\/wp-content\/uploads\/2024\/08\/holoz1-09.jpg","width":3840,"height":2160,"caption":"Mujer tomando fotografia a un m\u00f3dulo hologr\u00e1fico zeta de Animaco"},{"@type":["WebPage","ItemPage"],"@id":"https:\/\/www.animaco.net\/alquiler-hologramas-ferias-comerciales\/#webpage","url":"https:\/\/www.animaco.net\/alquiler-hologramas-ferias-comerciales\/","name":"Alquiler de Hologramas para Ferias Comerciales - Animaco","isPartOf":{"@id":"https:\/\/www.animaco.net\/#website"},"primaryImageOfPage":{"@id":"https:\/\/www.animaco.net\/alquiler-hologramas-ferias-comerciales\/#primaryimage"},"datePublished":"2024-12-15T18:34:17+00:00","dateModified":"2024-12-15T18:34:17+00:00","description":"Atrapa la atenci\u00f3n en ferias comerciales ofreciendo alquiler de hologramas llamativos.","breadcrumb":{"@id":"https:\/\/www.animaco.net\/alquiler-hologramas-ferias-comerciales\/#breadcrumb"},"inLanguage":"en-US","potentialAction":[{"@type":"ReadAction","target":["https:\/\/www.animaco.net\/alquiler-hologramas-ferias-comerciales\/"]}]},{"@type":"BreadcrumbList","@id":"https:\/\/www.animaco.net\/alquiler-hologramas-ferias-comerciales\/#breadcrumb","itemListElement":[{"@type":"ListItem","position":1,"name":"Inicio","item":"https:\/\/www.animaco.net\/"},{"@type":"ListItem","position":2,"name":"Hologramas","item":"https:\/\/www.animaco.net\/category\/hologramas\/"},{"@type":"ListItem","position":3,"name":"Alquiler de Hologramas para Ferias Comerciales"}]},{"@type":"Article","@id":"https:\/\/www.animaco.net\/alquiler-hologramas-ferias-comerciales\/#article","isPartOf":{"@id":"https:\/\/www.animaco.net\/alquiler-hologramas-ferias-comerciales\/#webpage"},"author":{"@id":"https:\/\/www.animaco.net\/#\/schema\/person\/fae70956890529fc87db32536fb5ee0b"},"headline":"Alquiler de Hologramas para Ferias Comerciales","datePublished":"2024-12-15T18:34:17+00:00","dateModified":"2024-12-15T18:34:17+00:00","mainEntityOfPage":{"@id":"https:\/\/www.animaco.net\/alquiler-hologramas-ferias-comerciales\/#webpage"},"wordCount":402,"commentCount":0,"publisher":{"@id":"https:\/\/www.animaco.net\/#organization"},"image":{"@id":"https:\/\/www.animaco.net\/alquiler-hologramas-ferias-comerciales\/#primaryimage"},"thumbnailUrl":"https:\/\/www.animaco.net\/wp-content\/uploads\/2024\/08\/holoz1-09.jpg","keywords":["alquiler hologramas ferias comerciales","destacarse con hologramas","hologramas de mesa para ferias","hologramas de pie para exposiciones","hologramas para eventos comerciales","hologramas para stands","impacto visual en ferias","interacci\u00f3n con hologramas","presentaciones hologr\u00e1ficas","productos hologr\u00e1ficos"],"articleSection":["Hologramas"],"inLanguage":"en-US","potentialAction":[{"@type":"CommentAction","name":"Comment","target":["https:\/\/www.animaco.net\/alquiler-hologramas-ferias-comerciales\/#respond"]}]},{"@type":"Person","@id":"https:\/\/www.animaco.net\/#\/schema\/person\/fae70956890529fc87db32536fb5ee0b","name":"Animaco","image":{"@type":"ImageObject","@id":"https:\/\/www.animaco.net\/#personlogo","inLanguage":"en-US","url":"https:\/\/secure.gravatar.com\/avatar\/5b52c88852799c7afd8876740f0271db?s=96&d=mm&r=g","contentUrl":"https:\/\/secure.gravatar.com\/avatar\/5b52c88852799c7afd8876740f0271db?s=96&d=mm&r=g","caption":"Animaco"},"description":"Tecnolog\u00edas Futuras","sameAs":["https:\/\/animaco.net"]}]}},"_links":{"self":[{"href":"https:\/\/www.animaco.net\/en\/wp-json\/wp\/v2\/posts\/3517"}],"collection":[{"href":"https:\/\/www.animaco.net\/en\/wp-json\/wp\/v2\/posts"}],"about":[{"href":"https:\/\/www.animaco.net\/en\/wp-json\/wp\/v2\/types\/post"}],"author":[{"embeddable":true,"href":"https:\/\/www.animaco.net\/en\/wp-json\/wp\/v2\/users\/3"}],"replies":[{"embeddable":true,"href":"https:\/\/www.animaco.net\/en\/wp-json\/wp\/v2\/comments?post=3517"}],"version-history":[{"count":0,"href":"https:\/\/www.animaco.net\/en\/wp-json\/wp\/v2\/posts\/3517\/revisions"}],"wp:attachment":[{"href":"https:\/\/www.animaco.net\/en\/wp-json\/wp\/v2\/media?parent=3517"}],"wp:term":[{"taxonomy":"category","embeddable":true,"href":"https:\/\/www.animaco.net\/en\/wp-json\/wp\/v2\/categories?post=3517"},{"taxonomy":"post_tag","embeddable":true,"href":"https:\/\/www.animaco.net\/en\/wp-json\/wp\/v2\/tags?post=3517"}],"curies":[{"name":"wp","href":"https:\/\/api.w.org\/{rel}","templated":true}]}}