{"id":3706,"date":"2025-01-08T10:00:00","date_gmt":"2025-01-08T13:00:00","guid":{"rendered":"https:\/\/www.animaco.net\/?p=3706"},"modified":"2025-01-08T10:00:00","modified_gmt":"2025-01-08T13:00:00","slug":"alquila-espacios-hologramas-incluidos","status":"publish","type":"post","link":"https:\/\/www.animaco.net\/en\/alquila-espacios-hologramas-incluidos\/","title":{"rendered":"Alquila Espacios con Hologramas Incluidos"},"content":{"rendered":"<p>\u00bfQuer\u00e9s darle a tu evento un toque verdaderamente innovador? En Animaco ofrecemos una amplia gama de hologramas que pod\u00e9s incorporar en tus espacios alquilados. No importa si es para una feria, un congreso, un evento corporativo o incluso una fiesta privada, nuestros hologramas har\u00e1n que tu evento destaque como ning\u00fan otro.<\/p><p>Los hologramas de mesa son una opci\u00f3n perfecta para aquellos que buscan algo compacto y transportable. Son ideales para mostrar detalles espec\u00edficos de productos, logos y animaciones que capten la atenci\u00f3n en espacios reducidos como stands de ferias o exposiciones. Por ejemplo, en la <a href='https:\/\/www.digitalhouse.com\/ar' rel=\"nofollow noopener\" target='_blank'>Digital Summit 2018 organizado en Digital House<\/a>, utilizamos hologramas de mesa modelo Zeta para presentar informaci\u00f3n sobre charlas y speakers.<\/p>\n<iframe loading=\"lazy\" title=\"Holografia Portable - Animaco en Digital Summit 2018\" width=\"1080\" height=\"608\" src=\"https:\/\/www.youtube.com\/embed\/ZcQnIu7lGPs?feature=oembed\" frameborder=\"0\" allow=\"accelerometer; autoplay; clipboard-write; encrypted-media; gyroscope; picture-in-picture; web-share\" referrerpolicy=\"strict-origin-when-cross-origin\" allowfullscreen><\/iframe>\n<p>Para eventos de mayor envergadura, los hologramas de pie son una excelente elecci\u00f3n. Con una altura promedio de dos metros, estos hologramas no solo impresionan por su tama\u00f1o, sino tambi\u00e9n por su capacidad de interacci\u00f3n. En la <a href='https:\/\/buenosaires.gob.ar\/noticias\/el-futuro-y-la-innovacion-los-grandes-protagonistas-de-innovatiba-2018' rel=\"nofollow noopener\" target='_blank'>6ta edici\u00f3n de InnovatiBA<\/a>, el evento de innovaci\u00f3n m\u00e1s importante de Buenos Aires, nuestro marco hologr\u00e1fico tama\u00f1o completo dio la bienvenida a los asistentes de manera impactante.<\/p>\n<iframe loading=\"lazy\" title=\"Presentadora Holografica para Gobierno de la Ciudad\" width=\"1080\" height=\"608\" src=\"https:\/\/www.youtube.com\/embed\/2YBfeL4WZGE?feature=oembed\" frameborder=\"0\" allow=\"accelerometer; autoplay; clipboard-write; encrypted-media; gyroscope; picture-in-picture; web-share\" referrerpolicy=\"strict-origin-when-cross-origin\" allowfullscreen><\/iframe>\n<p>Si lo que busc\u00e1s es un espect\u00e1culo impresionante sobre un escenario, nuestros hologramas de escenario son ideales. Estos equipos pueden tener dimensiones de hasta 6 metros de ancho y permiten mostrar contenido tanto pregrabado como en vivo. En el <a href='https:\/\/www.animaco.net\/en\/proyectos\/flebolinfo2016-hologramas-sobre-el-escenario\/' rel=\"nofollow noopener\" target='_blank'>Congreso del Bicentenario Flebolinfo<\/a> realizado en el Hotel Intercontinental de Buenos Aires, utilizamos un escenario hologr\u00e1fico adaptable para una charla m\u00e9dica en formato hologr\u00e1fico de 4 metros.<\/p>\n<iframe loading=\"lazy\" title=\"Escenario Hologr\u00e1fico | Congreso del bicentenario flebolinfo2016| @Hotel Internacional Buenos Aires\" width=\"1080\" height=\"608\" src=\"https:\/\/www.youtube.com\/embed\/xjtJzSyylXU?feature=oembed\" frameborder=\"0\" allow=\"accelerometer; autoplay; clipboard-write; encrypted-media; gyroscope; picture-in-picture; web-share\" referrerpolicy=\"strict-origin-when-cross-origin\" allowfullscreen><\/iframe>\n<p>Para presentaciones interactivas en eventos educativos, un holograma puede hacer la diferencia entre una exposici\u00f3n ordinaria y una inolvidable. En la <a href='https:\/\/www.favaloro.edu.ar\/' rel=\"nofollow noopener\" target='_blank'>Universidad Favaloro<\/a>, complementamos una charla con im\u00e1genes hologr\u00e1ficas que dieron vida a la exposici\u00f3n, utilizando un m\u00f3dulo de mesa en altura modelo Cubo.<\/p>\n<iframe loading=\"lazy\" title=\"Extractor de fibra autom\u00e1tico en cirug\u00eda + Hologramas en Universidad Favaloro\" width=\"1080\" height=\"608\" src=\"https:\/\/www.youtube.com\/embed\/9dlnARexSZc?feature=oembed\" frameborder=\"0\" allow=\"accelerometer; autoplay; clipboard-write; encrypted-media; gyroscope; picture-in-picture; web-share\" referrerpolicy=\"strict-origin-when-cross-origin\" allowfullscreen><\/iframe>\n<p>Los beneficios de alquilar espacios con hologramas incluidos son innumerables. Desde captar la atenci\u00f3n de tu p\u00fablico hasta ofrecer una experiencia interactiva y memorable, nuestros hologramas est\u00e1n dise\u00f1ados para adaptarse a tus necesidades espec\u00edficas. <\/p><p>Si est\u00e1s interesado en llevar tu evento al siguiente nivel con hologramas, no dudes en contactarnos para pedir una cotizaci\u00f3n personalizada.<\/p><img src='https:\/\/www.animaco.net\/wp-content\/uploads\/2024\/08\/animaco-en-a24.jpg' alt='Cofundadores de Animaco'>","protected":false},"excerpt":{"rendered":"<p>\u00bfQuer\u00e9s darle a tu evento un toque verdaderamente innovador? En Animaco ofrecemos una amplia gama de hologramas que pod\u00e9s incorporar en tus espacios alquilados. No importa si es para una&#8230;<\/p>","protected":false},"author":3,"featured_media":0,"comment_status":"open","ping_status":"open","sticky":false,"template":"","format":"standard","meta":[],"categories":[178],"tags":[2376,53,2377,83,282,1402,2343,47,1230,249],"yoast_head":"<!-- This site is optimized with the Yoast SEO Premium plugin v16.9 (Yoast SEO v16.9) - https:\/\/yoast.com\/wordpress\/plugins\/seo\/ -->\n<title>Alquila Espacios con Hologramas Incluidos - Animaco<\/title>\n<meta name=\"description\" content=\"Alquila espacios donde los hologramas son parte integral del evento.\" \/>\n<meta name=\"robots\" content=\"index, follow, max-snippet:-1, max-image-preview:large, max-video-preview:-1\" \/>\n<link rel=\"canonical\" href=\"https:\/\/www.animaco.net\/en\/alquila-espacios-hologramas-incluidos\/\" \/>\n<meta property=\"og:locale\" content=\"en_US\" \/>\n<meta property=\"og:type\" content=\"article\" \/>\n<meta property=\"og:title\" content=\"Alquila Espacios con Hologramas Incluidos\" \/>\n<meta property=\"og:description\" content=\"Alquila espacios donde los hologramas son parte integral del evento.\" \/>\n<meta property=\"og:url\" content=\"https:\/\/www.animaco.net\/en\/alquila-espacios-hologramas-incluidos\/\" \/>\n<meta property=\"og:site_name\" content=\"Animaco\" \/>\n<meta property=\"article:publisher\" content=\"https:\/\/www.facebook.com\/Animaconet\" \/>\n<meta property=\"article:published_time\" content=\"2025-01-08T13:00:00+00:00\" \/>\n<meta property=\"og:image\" content=\"https:\/\/www.animaco.net\/wp-content\/uploads\/2024\/08\/animaco-en-a24.jpg\" \/>\n<meta name=\"twitter:card\" content=\"summary_large_image\" \/>\n<meta name=\"twitter:label1\" content=\"Written by\" \/>\n\t<meta name=\"twitter:data1\" content=\"Animaco\" \/>\n\t<meta name=\"twitter:label2\" content=\"Est. reading time\" \/>\n\t<meta name=\"twitter:data2\" content=\"2 minutes\" \/>\n<script type=\"application\/ld+json\" class=\"yoast-schema-graph\">{\"@context\":\"https:\/\/schema.org\",\"@graph\":[{\"@type\":\"Organization\",\"@id\":\"https:\/\/www.animaco.net\/#organization\",\"name\":\"Animaco\",\"url\":\"https:\/\/www.animaco.net\/\",\"sameAs\":[\"https:\/\/www.facebook.com\/Animaconet\",\"https:\/\/www.instagram.com\/animaconet\",\"https:\/\/www.linkedin.com\/company\/71689351\",\"https:\/\/www.youtube.com\/@AnimacoNett\"],\"logo\":{\"@type\":\"ImageObject\",\"@id\":\"https:\/\/www.animaco.net\/#logo\",\"inLanguage\":\"en-US\",\"url\":\"https:\/\/www.animaco.net\/wp-content\/uploads\/2018\/04\/animaco-logo-2017-min.png\",\"contentUrl\":\"https:\/\/www.animaco.net\/wp-content\/uploads\/2018\/04\/animaco-logo-2017-min.png\",\"width\":121,\"height\":34,\"caption\":\"Animaco\"},\"image\":{\"@id\":\"https:\/\/www.animaco.net\/#logo\"}},{\"@type\":\"WebSite\",\"@id\":\"https:\/\/www.animaco.net\/#website\",\"url\":\"https:\/\/www.animaco.net\/\",\"name\":\"Animaco\",\"description\":\"Animaco crea experiencias totalmente futuristas y desarrolla proyectos innovadores con el uso de nuevas tecnolog\\u00edas\",\"publisher\":{\"@id\":\"https:\/\/www.animaco.net\/#organization\"},\"potentialAction\":[{\"@type\":\"SearchAction\",\"target\":{\"@type\":\"EntryPoint\",\"urlTemplate\":\"https:\/\/www.animaco.net\/?s={search_term_string}\"},\"query-input\":\"required name=search_term_string\"}],\"inLanguage\":\"en-US\"},{\"@type\":\"ImageObject\",\"@id\":\"https:\/\/www.animaco.net\/alquila-espacios-hologramas-incluidos\/#primaryimage\",\"inLanguage\":\"en-US\",\"url\":\"https:\/\/www.animaco.net\/wp-content\/uploads\/2024\/08\/animaco-en-a24.jpg\",\"contentUrl\":\"https:\/\/www.animaco.net\/wp-content\/uploads\/2024\/08\/animaco-en-a24.jpg\",\"width\":1500,\"height\":844,\"caption\":\"Marcelo y Tom\\u00e1s Trejo, co-fundadores de Animaco\"},{\"@type\":[\"WebPage\",\"ItemPage\"],\"@id\":\"https:\/\/www.animaco.net\/alquila-espacios-hologramas-incluidos\/#webpage\",\"url\":\"https:\/\/www.animaco.net\/alquila-espacios-hologramas-incluidos\/\",\"name\":\"Alquila Espacios con Hologramas Incluidos - Animaco\",\"isPartOf\":{\"@id\":\"https:\/\/www.animaco.net\/#website\"},\"primaryImageOfPage\":{\"@id\":\"https:\/\/www.animaco.net\/alquila-espacios-hologramas-incluidos\/#primaryimage\"},\"datePublished\":\"2025-01-08T13:00:00+00:00\",\"dateModified\":\"2025-01-08T13:00:00+00:00\",\"description\":\"Alquila espacios donde los hologramas son parte integral del evento.\",\"breadcrumb\":{\"@id\":\"https:\/\/www.animaco.net\/alquila-espacios-hologramas-incluidos\/#breadcrumb\"},\"inLanguage\":\"en-US\",\"potentialAction\":[{\"@type\":\"ReadAction\",\"target\":[\"https:\/\/www.animaco.net\/alquila-espacios-hologramas-incluidos\/\"]}]},{\"@type\":\"BreadcrumbList\",\"@id\":\"https:\/\/www.animaco.net\/alquila-espacios-hologramas-incluidos\/#breadcrumb\",\"itemListElement\":[{\"@type\":\"ListItem\",\"position\":1,\"name\":\"Inicio\",\"item\":\"https:\/\/www.animaco.net\/\"},{\"@type\":\"ListItem\",\"position\":2,\"name\":\"Hologramas\",\"item\":\"https:\/\/www.animaco.net\/category\/hologramas\/\"},{\"@type\":\"ListItem\",\"position\":3,\"name\":\"Alquila Espacios con Hologramas Incluidos\"}]},{\"@type\":\"Article\",\"@id\":\"https:\/\/www.animaco.net\/alquila-espacios-hologramas-incluidos\/#article\",\"isPartOf\":{\"@id\":\"https:\/\/www.animaco.net\/alquila-espacios-hologramas-incluidos\/#webpage\"},\"author\":{\"@id\":\"https:\/\/www.animaco.net\/#\/schema\/person\/fae70956890529fc87db32536fb5ee0b\"},\"headline\":\"Alquila Espacios con Hologramas Incluidos\",\"datePublished\":\"2025-01-08T13:00:00+00:00\",\"dateModified\":\"2025-01-08T13:00:00+00:00\",\"mainEntityOfPage\":{\"@id\":\"https:\/\/www.animaco.net\/alquila-espacios-hologramas-incluidos\/#webpage\"},\"wordCount\":398,\"commentCount\":0,\"publisher\":{\"@id\":\"https:\/\/www.animaco.net\/#organization\"},\"image\":{\"@id\":\"https:\/\/www.animaco.net\/alquila-espacios-hologramas-incluidos\/#primaryimage\"},\"thumbnailUrl\":\"https:\/\/www.animaco.net\/wp-content\/uploads\/2024\/08\/animaco-en-a24.jpg\",\"keywords\":[\"alquiler de espacios con hologramas\",\"alquiler de hologramas\",\"congreso hologr\\u00e1fico\",\"eventos empresariales\",\"eventos interactivos\",\"experiencias virtuales\",\"feria tecnol\\u00f3gica\",\"hologramas para eventos\",\"innovaciones para eventos\",\"tecnolog\\u00eda en eventos\"],\"articleSection\":[\"Hologramas\"],\"inLanguage\":\"en-US\",\"potentialAction\":[{\"@type\":\"CommentAction\",\"name\":\"Comment\",\"target\":[\"https:\/\/www.animaco.net\/alquila-espacios-hologramas-incluidos\/#respond\"]}]},{\"@type\":\"Person\",\"@id\":\"https:\/\/www.animaco.net\/#\/schema\/person\/fae70956890529fc87db32536fb5ee0b\",\"name\":\"Animaco\",\"image\":{\"@type\":\"ImageObject\",\"@id\":\"https:\/\/www.animaco.net\/#personlogo\",\"inLanguage\":\"en-US\",\"url\":\"https:\/\/secure.gravatar.com\/avatar\/5b52c88852799c7afd8876740f0271db?s=96&d=mm&r=g\",\"contentUrl\":\"https:\/\/secure.gravatar.com\/avatar\/5b52c88852799c7afd8876740f0271db?s=96&d=mm&r=g\",\"caption\":\"Animaco\"},\"description\":\"Tecnolog\\u00edas Futuras\",\"sameAs\":[\"https:\/\/animaco.net\"]}]}<\/script>\n<!-- \/ Yoast SEO Premium plugin. -->","yoast_head_json":{"title":"Alquila Espacios con Hologramas Incluidos - Animaco","description":"Alquila espacios donde los hologramas son parte integral del evento.","robots":{"index":"index","follow":"follow","max-snippet":"max-snippet:-1","max-image-preview":"max-image-preview:large","max-video-preview":"max-video-preview:-1"},"canonical":"https:\/\/www.animaco.net\/en\/alquila-espacios-hologramas-incluidos\/","og_locale":"en_US","og_type":"article","og_title":"Alquila Espacios con Hologramas Incluidos","og_description":"Alquila espacios donde los hologramas son parte integral del evento.","og_url":"https:\/\/www.animaco.net\/en\/alquila-espacios-hologramas-incluidos\/","og_site_name":"Animaco","article_publisher":"https:\/\/www.facebook.com\/Animaconet","article_published_time":"2025-01-08T13:00:00+00:00","og_image":[{"url":"https:\/\/www.animaco.net\/wp-content\/uploads\/2024\/08\/animaco-en-a24.jpg"}],"twitter_card":"summary_large_image","twitter_misc":{"Written by":"Animaco","Est. reading time":"2 minutes"},"schema":{"@context":"https:\/\/schema.org","@graph":[{"@type":"Organization","@id":"https:\/\/www.animaco.net\/#organization","name":"Animaco","url":"https:\/\/www.animaco.net\/","sameAs":["https:\/\/www.facebook.com\/Animaconet","https:\/\/www.instagram.com\/animaconet","https:\/\/www.linkedin.com\/company\/71689351","https:\/\/www.youtube.com\/@AnimacoNett"],"logo":{"@type":"ImageObject","@id":"https:\/\/www.animaco.net\/#logo","inLanguage":"en-US","url":"https:\/\/www.animaco.net\/wp-content\/uploads\/2018\/04\/animaco-logo-2017-min.png","contentUrl":"https:\/\/www.animaco.net\/wp-content\/uploads\/2018\/04\/animaco-logo-2017-min.png","width":121,"height":34,"caption":"Animaco"},"image":{"@id":"https:\/\/www.animaco.net\/#logo"}},{"@type":"WebSite","@id":"https:\/\/www.animaco.net\/#website","url":"https:\/\/www.animaco.net\/","name":"Animaco","description":"Animaco crea experiencias totalmente futuristas y desarrolla proyectos innovadores con el uso de nuevas tecnolog\u00edas","publisher":{"@id":"https:\/\/www.animaco.net\/#organization"},"potentialAction":[{"@type":"SearchAction","target":{"@type":"EntryPoint","urlTemplate":"https:\/\/www.animaco.net\/?s={search_term_string}"},"query-input":"required name=search_term_string"}],"inLanguage":"en-US"},{"@type":"ImageObject","@id":"https:\/\/www.animaco.net\/alquila-espacios-hologramas-incluidos\/#primaryimage","inLanguage":"en-US","url":"https:\/\/www.animaco.net\/wp-content\/uploads\/2024\/08\/animaco-en-a24.jpg","contentUrl":"https:\/\/www.animaco.net\/wp-content\/uploads\/2024\/08\/animaco-en-a24.jpg","width":1500,"height":844,"caption":"Marcelo y Tom\u00e1s Trejo, co-fundadores de Animaco"},{"@type":["WebPage","ItemPage"],"@id":"https:\/\/www.animaco.net\/alquila-espacios-hologramas-incluidos\/#webpage","url":"https:\/\/www.animaco.net\/alquila-espacios-hologramas-incluidos\/","name":"Alquila Espacios con Hologramas Incluidos - Animaco","isPartOf":{"@id":"https:\/\/www.animaco.net\/#website"},"primaryImageOfPage":{"@id":"https:\/\/www.animaco.net\/alquila-espacios-hologramas-incluidos\/#primaryimage"},"datePublished":"2025-01-08T13:00:00+00:00","dateModified":"2025-01-08T13:00:00+00:00","description":"Alquila espacios donde los hologramas son parte integral del evento.","breadcrumb":{"@id":"https:\/\/www.animaco.net\/alquila-espacios-hologramas-incluidos\/#breadcrumb"},"inLanguage":"en-US","potentialAction":[{"@type":"ReadAction","target":["https:\/\/www.animaco.net\/alquila-espacios-hologramas-incluidos\/"]}]},{"@type":"BreadcrumbList","@id":"https:\/\/www.animaco.net\/alquila-espacios-hologramas-incluidos\/#breadcrumb","itemListElement":[{"@type":"ListItem","position":1,"name":"Inicio","item":"https:\/\/www.animaco.net\/"},{"@type":"ListItem","position":2,"name":"Hologramas","item":"https:\/\/www.animaco.net\/category\/hologramas\/"},{"@type":"ListItem","position":3,"name":"Alquila Espacios con Hologramas Incluidos"}]},{"@type":"Article","@id":"https:\/\/www.animaco.net\/alquila-espacios-hologramas-incluidos\/#article","isPartOf":{"@id":"https:\/\/www.animaco.net\/alquila-espacios-hologramas-incluidos\/#webpage"},"author":{"@id":"https:\/\/www.animaco.net\/#\/schema\/person\/fae70956890529fc87db32536fb5ee0b"},"headline":"Alquila Espacios con Hologramas Incluidos","datePublished":"2025-01-08T13:00:00+00:00","dateModified":"2025-01-08T13:00:00+00:00","mainEntityOfPage":{"@id":"https:\/\/www.animaco.net\/alquila-espacios-hologramas-incluidos\/#webpage"},"wordCount":398,"commentCount":0,"publisher":{"@id":"https:\/\/www.animaco.net\/#organization"},"image":{"@id":"https:\/\/www.animaco.net\/alquila-espacios-hologramas-incluidos\/#primaryimage"},"thumbnailUrl":"https:\/\/www.animaco.net\/wp-content\/uploads\/2024\/08\/animaco-en-a24.jpg","keywords":["alquiler de espacios con hologramas","alquiler de hologramas","congreso hologr\u00e1fico","eventos empresariales","eventos interactivos","experiencias virtuales","feria tecnol\u00f3gica","hologramas para eventos","innovaciones para eventos","tecnolog\u00eda en eventos"],"articleSection":["Hologramas"],"inLanguage":"en-US","potentialAction":[{"@type":"CommentAction","name":"Comment","target":["https:\/\/www.animaco.net\/alquila-espacios-hologramas-incluidos\/#respond"]}]},{"@type":"Person","@id":"https:\/\/www.animaco.net\/#\/schema\/person\/fae70956890529fc87db32536fb5ee0b","name":"Animaco","image":{"@type":"ImageObject","@id":"https:\/\/www.animaco.net\/#personlogo","inLanguage":"en-US","url":"https:\/\/secure.gravatar.com\/avatar\/5b52c88852799c7afd8876740f0271db?s=96&d=mm&r=g","contentUrl":"https:\/\/secure.gravatar.com\/avatar\/5b52c88852799c7afd8876740f0271db?s=96&d=mm&r=g","caption":"Animaco"},"description":"Tecnolog\u00edas Futuras","sameAs":["https:\/\/animaco.net"]}]}},"_links":{"self":[{"href":"https:\/\/www.animaco.net\/en\/wp-json\/wp\/v2\/posts\/3706"}],"collection":[{"href":"https:\/\/www.animaco.net\/en\/wp-json\/wp\/v2\/posts"}],"about":[{"href":"https:\/\/www.animaco.net\/en\/wp-json\/wp\/v2\/types\/post"}],"author":[{"embeddable":true,"href":"https:\/\/www.animaco.net\/en\/wp-json\/wp\/v2\/users\/3"}],"replies":[{"embeddable":true,"href":"https:\/\/www.animaco.net\/en\/wp-json\/wp\/v2\/comments?post=3706"}],"version-history":[{"count":0,"href":"https:\/\/www.animaco.net\/en\/wp-json\/wp\/v2\/posts\/3706\/revisions"}],"wp:attachment":[{"href":"https:\/\/www.animaco.net\/en\/wp-json\/wp\/v2\/media?parent=3706"}],"wp:term":[{"taxonomy":"category","embeddable":true,"href":"https:\/\/www.animaco.net\/en\/wp-json\/wp\/v2\/categories?post=3706"},{"taxonomy":"post_tag","embeddable":true,"href":"https:\/\/www.animaco.net\/en\/wp-json\/wp\/v2\/tags?post=3706"}],"curies":[{"name":"wp","href":"https:\/\/api.w.org\/{rel}","templated":true}]}}