{"id":5408,"date":"2025-01-16T18:40:00","date_gmt":"2025-01-16T21:40:00","guid":{"rendered":"https:\/\/www.animaco.net\/?p=5408"},"modified":"2025-01-16T18:40:00","modified_gmt":"2025-01-16T21:40:00","slug":"alquiler-hologramas-eventos-empresariales-2","status":"publish","type":"post","link":"https:\/\/www.animaco.net\/en\/alquiler-hologramas-eventos-empresariales-2\/","title":{"rendered":"Alquiler de Hologramas para Eventos Empresariales"},"content":{"rendered":"<p>Los hologramas han revolucionado el mundo de los eventos empresariales, captando la atenci\u00f3n y sorprendiendo a todos. Si est\u00e1s organizando un evento y buscas algo innovador que haga que tu marca destaque, el alquiler de hologramas es exactamente lo que necesit\u00e1s.<\/p>\n\n<figure class=\"wp-block-video\"><video autoplay loop muted preload=\"auto\" src=\"https:\/\/www.animaco.net\/wp-content\/uploads\/2025\/01\/modulo.webm\"><\/video><\/figure>\n\n<p><b>\u00bfPor qu\u00e9 elegir hologramas para tu evento?<\/b><\/p>\n<ul>\n<li>Generan un impacto visual que atrae significativamente la atenci\u00f3n del p\u00fablico.<\/li>\n<li>Permiten personalizaci\u00f3n total seg\u00fan la imagen de tu empresa o evento.<\/li>\n<li>Pueden integrar interactividad, haciendo que los asistentes interact\u00faen con tu contenido.<\/li>\n<li>Son una excelente herramienta para destacar en redes sociales gracias a su innovador formato.<\/li>\n<\/ul>\n\n<p>En Animaco, ofrecemos diversos modelos de hologramas especialmente dise\u00f1ados para eventos empresariales:<\/p>\n\n<p><b>Hologramas de Pie:<\/b> Ideales para crear una presencia impactante con hologramas de tama\u00f1o humano. Perfectos para bienvenidas, presentaciones de productos o incluso como asistentes virtuales.<\/p>\n\n\n\n<iframe loading=\"lazy\" title=\"Presentadora Holografica para Gobierno de la Ciudad\" width=\"1080\" height=\"608\" src=\"https:\/\/www.youtube.com\/embed\/2YBfeL4WZGE?feature=oembed\" frameborder=\"0\" allow=\"accelerometer; autoplay; clipboard-write; encrypted-media; gyroscope; picture-in-picture; web-share\" referrerpolicy=\"strict-origin-when-cross-origin\" allowfullscreen><\/iframe>\n\n\n\n<p><b>Marco Hologr\u00e1fico:<\/b> Este modelo permite mostrar im\u00e1genes tridimensionales de cuerpo completo, ideal para dar una bienvenida memorable en congresos y eventos corporativos.<\/p>\n\n<img src='https:\/\/www.animaco.net\/wp-content\/uploads\/2025\/01\/presentacion.jpg' alt='Marco Hologr\u00e1fico en acci\u00f3n'>\n\n<p><b>Hologramas de Mesa:<\/b> Perfectos para stands y ferias, donde el espacio es limitado, pero el impacto debe ser m\u00e1ximo. Son f\u00e1ciles de transportar e instalar.<\/p>\n\n\n\n<iframe loading=\"lazy\" title=\"Maquetas Hologr\u00e1ficas en Expo Real State Argentina\" width=\"1080\" height=\"608\" src=\"https:\/\/www.youtube.com\/embed\/MVntA0d9nws?feature=oembed\" frameborder=\"0\" allow=\"accelerometer; autoplay; clipboard-write; encrypted-media; gyroscope; picture-in-picture; web-share\" referrerpolicy=\"strict-origin-when-cross-origin\" allowfullscreen><\/iframe>\n\n\n\n<p><b>M\u00f3dulo Cubo:<\/b> Con su dise\u00f1o compacto, es ideal para mostrar productos interactivos o informaci\u00f3n relevante en mesas de exhibici\u00f3n.<\/p>\n\n<img src='https:\/\/www.animaco.net\/wp-content\/uploads\/2025\/01\/construccion.jpg' alt='M\u00f3dulo Cubo preparado para interactuar con productos'>\n\n<p>Empresas como Buenos Aires Ciudad y Banco Galicia ya han experimentado el \u00e9xito de utilizar hologramas en sus eventos, alcanzando una nueva forma de conectar con su p\u00fablico.<\/p>\n\n<p>Si lo que busc\u00e1s es materializar una experiencia \u00fanica que capture la atenci\u00f3n y permanezca en la memoria de tus asistentes, consider\u00e1 el alquiler de hologramas con Animaco. Pod\u00e9s contar con nuestra creatividad e innovaci\u00f3n para hacer que tu evento empresarial sea inolvidable.<\/p>\n\n<img src='https:\/\/www.animaco.net\/wp-content\/uploads\/2024\/08\/animaco-en-a24.jpg' alt='Cofundadores de Animaco'>","protected":false},"excerpt":{"rendered":"<p>Los hologramas han revolucionado el mundo de los eventos empresariales, captando la atenci\u00f3n y sorprendiendo a todos. Si est\u00e1s organizando un evento y buscas algo innovador que haga que tu&#8230;<\/p>","protected":false},"author":3,"featured_media":0,"comment_status":"open","ping_status":"open","sticky":false,"template":"","format":"standard","meta":[],"categories":[178],"tags":[2450,2453,2445,2446,444,108,2452,2451,2447,66,128,497,670,2448],"yoast_head":"<!-- This site is optimized with the Yoast SEO Premium plugin v16.9 (Yoast SEO v16.9) - https:\/\/yoast.com\/wordpress\/plugins\/seo\/ -->\n<title>Alquiler de Hologramas para Eventos Empresariales - Animaco<\/title>\n<meta name=\"description\" content=\"Alquila hologramas para realzar la experiencia de tus eventos corporativos.\" \/>\n<meta name=\"robots\" content=\"index, follow, max-snippet:-1, max-image-preview:large, max-video-preview:-1\" \/>\n<link rel=\"canonical\" href=\"https:\/\/www.animaco.net\/en\/alquiler-hologramas-eventos-empresariales-2\/\" \/>\n<meta property=\"og:locale\" content=\"en_US\" \/>\n<meta property=\"og:type\" content=\"article\" \/>\n<meta property=\"og:title\" content=\"Alquiler de Hologramas para Eventos Empresariales\" \/>\n<meta property=\"og:description\" content=\"Alquila hologramas para realzar la experiencia de tus eventos corporativos.\" \/>\n<meta property=\"og:url\" content=\"https:\/\/www.animaco.net\/en\/alquiler-hologramas-eventos-empresariales-2\/\" \/>\n<meta property=\"og:site_name\" content=\"Animaco\" \/>\n<meta property=\"article:publisher\" content=\"https:\/\/www.facebook.com\/Animaconet\" \/>\n<meta property=\"article:published_time\" content=\"2025-01-16T21:40:00+00:00\" \/>\n<meta property=\"og:image\" content=\"https:\/\/www.animaco.net\/wp-content\/uploads\/2025\/01\/presentacion.jpg\" \/>\n<meta name=\"twitter:card\" content=\"summary_large_image\" \/>\n<meta name=\"twitter:label1\" content=\"Written by\" \/>\n\t<meta name=\"twitter:data1\" content=\"Animaco\" \/>\n\t<meta name=\"twitter:label2\" content=\"Est. reading time\" \/>\n\t<meta name=\"twitter:data2\" content=\"2 minutes\" \/>\n<script type=\"application\/ld+json\" class=\"yoast-schema-graph\">{\"@context\":\"https:\/\/schema.org\",\"@graph\":[{\"@type\":\"Organization\",\"@id\":\"https:\/\/www.animaco.net\/#organization\",\"name\":\"Animaco\",\"url\":\"https:\/\/www.animaco.net\/\",\"sameAs\":[\"https:\/\/www.facebook.com\/Animaconet\",\"https:\/\/www.instagram.com\/animaconet\",\"https:\/\/www.linkedin.com\/company\/71689351\",\"https:\/\/www.youtube.com\/@AnimacoNett\"],\"logo\":{\"@type\":\"ImageObject\",\"@id\":\"https:\/\/www.animaco.net\/#logo\",\"inLanguage\":\"en-US\",\"url\":\"https:\/\/www.animaco.net\/wp-content\/uploads\/2018\/04\/animaco-logo-2017-min.png\",\"contentUrl\":\"https:\/\/www.animaco.net\/wp-content\/uploads\/2018\/04\/animaco-logo-2017-min.png\",\"width\":121,\"height\":34,\"caption\":\"Animaco\"},\"image\":{\"@id\":\"https:\/\/www.animaco.net\/#logo\"}},{\"@type\":\"WebSite\",\"@id\":\"https:\/\/www.animaco.net\/#website\",\"url\":\"https:\/\/www.animaco.net\/\",\"name\":\"Animaco\",\"description\":\"Animaco crea experiencias totalmente futuristas y desarrolla proyectos innovadores con el uso de nuevas tecnolog\\u00edas\",\"publisher\":{\"@id\":\"https:\/\/www.animaco.net\/#organization\"},\"potentialAction\":[{\"@type\":\"SearchAction\",\"target\":{\"@type\":\"EntryPoint\",\"urlTemplate\":\"https:\/\/www.animaco.net\/?s={search_term_string}\"},\"query-input\":\"required name=search_term_string\"}],\"inLanguage\":\"en-US\"},{\"@type\":\"ImageObject\",\"@id\":\"https:\/\/www.animaco.net\/alquiler-hologramas-eventos-empresariales-2\/#primaryimage\",\"inLanguage\":\"en-US\",\"url\":\"https:\/\/www.animaco.net\/wp-content\/uploads\/2025\/01\/presentacion.jpg\",\"contentUrl\":\"https:\/\/www.animaco.net\/wp-content\/uploads\/2025\/01\/presentacion.jpg\",\"width\":960,\"height\":1275,\"caption\":\"Speaker dando una charla con hologramas\"},{\"@type\":[\"WebPage\",\"ItemPage\"],\"@id\":\"https:\/\/www.animaco.net\/alquiler-hologramas-eventos-empresariales-2\/#webpage\",\"url\":\"https:\/\/www.animaco.net\/alquiler-hologramas-eventos-empresariales-2\/\",\"name\":\"Alquiler de Hologramas para Eventos Empresariales - Animaco\",\"isPartOf\":{\"@id\":\"https:\/\/www.animaco.net\/#website\"},\"primaryImageOfPage\":{\"@id\":\"https:\/\/www.animaco.net\/alquiler-hologramas-eventos-empresariales-2\/#primaryimage\"},\"datePublished\":\"2025-01-16T21:40:00+00:00\",\"dateModified\":\"2025-01-16T21:40:00+00:00\",\"description\":\"Alquila hologramas para realzar la experiencia de tus eventos corporativos.\",\"breadcrumb\":{\"@id\":\"https:\/\/www.animaco.net\/alquiler-hologramas-eventos-empresariales-2\/#breadcrumb\"},\"inLanguage\":\"en-US\",\"potentialAction\":[{\"@type\":\"ReadAction\",\"target\":[\"https:\/\/www.animaco.net\/alquiler-hologramas-eventos-empresariales-2\/\"]}]},{\"@type\":\"BreadcrumbList\",\"@id\":\"https:\/\/www.animaco.net\/alquiler-hologramas-eventos-empresariales-2\/#breadcrumb\",\"itemListElement\":[{\"@type\":\"ListItem\",\"position\":1,\"name\":\"Inicio\",\"item\":\"https:\/\/www.animaco.net\/\"},{\"@type\":\"ListItem\",\"position\":2,\"name\":\"Hologramas\",\"item\":\"https:\/\/www.animaco.net\/category\/hologramas\/\"},{\"@type\":\"ListItem\",\"position\":3,\"name\":\"Alquiler de Hologramas para Eventos Empresariales\"}]},{\"@type\":\"Article\",\"@id\":\"https:\/\/www.animaco.net\/alquiler-hologramas-eventos-empresariales-2\/#article\",\"isPartOf\":{\"@id\":\"https:\/\/www.animaco.net\/alquiler-hologramas-eventos-empresariales-2\/#webpage\"},\"author\":{\"@id\":\"https:\/\/www.animaco.net\/#\/schema\/person\/fae70956890529fc87db32536fb5ee0b\"},\"headline\":\"Alquiler de Hologramas para Eventos Empresariales\",\"datePublished\":\"2025-01-16T21:40:00+00:00\",\"dateModified\":\"2025-01-16T21:40:00+00:00\",\"mainEntityOfPage\":{\"@id\":\"https:\/\/www.animaco.net\/alquiler-hologramas-eventos-empresariales-2\/#webpage\"},\"wordCount\":315,\"commentCount\":0,\"publisher\":{\"@id\":\"https:\/\/www.animaco.net\/#organization\"},\"image\":{\"@id\":\"https:\/\/www.animaco.net\/alquiler-hologramas-eventos-empresariales-2\/#primaryimage\"},\"thumbnailUrl\":\"https:\/\/www.animaco.net\/wp-content\/uploads\/2025\/01\/presentacion.jpg\",\"keywords\":[\"alquiler hologramas eventos empresariales\",\"conexi\\u00f3n p\\u00fablico\",\"fieston\",\"fieston holograma\",\"hologramas bienvenida\",\"impacto visual\",\"innovador formato\",\"interacci\\u00f3n asistente virtual\",\"janos holograma\",\"marco hologr\\u00e1fico\",\"M\\u00f3dulo Cubo\",\"personalizaci\\u00f3n hologramas\",\"stand ferias\",\"visual magic holograma\"],\"articleSection\":[\"Hologramas\"],\"inLanguage\":\"en-US\",\"potentialAction\":[{\"@type\":\"CommentAction\",\"name\":\"Comment\",\"target\":[\"https:\/\/www.animaco.net\/alquiler-hologramas-eventos-empresariales-2\/#respond\"]}]},{\"@type\":\"Person\",\"@id\":\"https:\/\/www.animaco.net\/#\/schema\/person\/fae70956890529fc87db32536fb5ee0b\",\"name\":\"Animaco\",\"image\":{\"@type\":\"ImageObject\",\"@id\":\"https:\/\/www.animaco.net\/#personlogo\",\"inLanguage\":\"en-US\",\"url\":\"https:\/\/secure.gravatar.com\/avatar\/5b52c88852799c7afd8876740f0271db?s=96&d=mm&r=g\",\"contentUrl\":\"https:\/\/secure.gravatar.com\/avatar\/5b52c88852799c7afd8876740f0271db?s=96&d=mm&r=g\",\"caption\":\"Animaco\"},\"description\":\"Tecnolog\\u00edas Futuras\",\"sameAs\":[\"https:\/\/animaco.net\"]}]}<\/script>\n<!-- \/ Yoast SEO Premium plugin. -->","yoast_head_json":{"title":"Alquiler de Hologramas para Eventos Empresariales - Animaco","description":"Alquila hologramas para realzar la experiencia de tus eventos corporativos.","robots":{"index":"index","follow":"follow","max-snippet":"max-snippet:-1","max-image-preview":"max-image-preview:large","max-video-preview":"max-video-preview:-1"},"canonical":"https:\/\/www.animaco.net\/en\/alquiler-hologramas-eventos-empresariales-2\/","og_locale":"en_US","og_type":"article","og_title":"Alquiler de Hologramas para Eventos Empresariales","og_description":"Alquila hologramas para realzar la experiencia de tus eventos corporativos.","og_url":"https:\/\/www.animaco.net\/en\/alquiler-hologramas-eventos-empresariales-2\/","og_site_name":"Animaco","article_publisher":"https:\/\/www.facebook.com\/Animaconet","article_published_time":"2025-01-16T21:40:00+00:00","og_image":[{"url":"https:\/\/www.animaco.net\/wp-content\/uploads\/2025\/01\/presentacion.jpg"}],"twitter_card":"summary_large_image","twitter_misc":{"Written by":"Animaco","Est. reading time":"2 minutes"},"schema":{"@context":"https:\/\/schema.org","@graph":[{"@type":"Organization","@id":"https:\/\/www.animaco.net\/#organization","name":"Animaco","url":"https:\/\/www.animaco.net\/","sameAs":["https:\/\/www.facebook.com\/Animaconet","https:\/\/www.instagram.com\/animaconet","https:\/\/www.linkedin.com\/company\/71689351","https:\/\/www.youtube.com\/@AnimacoNett"],"logo":{"@type":"ImageObject","@id":"https:\/\/www.animaco.net\/#logo","inLanguage":"en-US","url":"https:\/\/www.animaco.net\/wp-content\/uploads\/2018\/04\/animaco-logo-2017-min.png","contentUrl":"https:\/\/www.animaco.net\/wp-content\/uploads\/2018\/04\/animaco-logo-2017-min.png","width":121,"height":34,"caption":"Animaco"},"image":{"@id":"https:\/\/www.animaco.net\/#logo"}},{"@type":"WebSite","@id":"https:\/\/www.animaco.net\/#website","url":"https:\/\/www.animaco.net\/","name":"Animaco","description":"Animaco crea experiencias totalmente futuristas y desarrolla proyectos innovadores con el uso de nuevas tecnolog\u00edas","publisher":{"@id":"https:\/\/www.animaco.net\/#organization"},"potentialAction":[{"@type":"SearchAction","target":{"@type":"EntryPoint","urlTemplate":"https:\/\/www.animaco.net\/?s={search_term_string}"},"query-input":"required name=search_term_string"}],"inLanguage":"en-US"},{"@type":"ImageObject","@id":"https:\/\/www.animaco.net\/alquiler-hologramas-eventos-empresariales-2\/#primaryimage","inLanguage":"en-US","url":"https:\/\/www.animaco.net\/wp-content\/uploads\/2025\/01\/presentacion.jpg","contentUrl":"https:\/\/www.animaco.net\/wp-content\/uploads\/2025\/01\/presentacion.jpg","width":960,"height":1275,"caption":"Speaker dando una charla con hologramas"},{"@type":["WebPage","ItemPage"],"@id":"https:\/\/www.animaco.net\/alquiler-hologramas-eventos-empresariales-2\/#webpage","url":"https:\/\/www.animaco.net\/alquiler-hologramas-eventos-empresariales-2\/","name":"Alquiler de Hologramas para Eventos Empresariales - Animaco","isPartOf":{"@id":"https:\/\/www.animaco.net\/#website"},"primaryImageOfPage":{"@id":"https:\/\/www.animaco.net\/alquiler-hologramas-eventos-empresariales-2\/#primaryimage"},"datePublished":"2025-01-16T21:40:00+00:00","dateModified":"2025-01-16T21:40:00+00:00","description":"Alquila hologramas para realzar la experiencia de tus eventos corporativos.","breadcrumb":{"@id":"https:\/\/www.animaco.net\/alquiler-hologramas-eventos-empresariales-2\/#breadcrumb"},"inLanguage":"en-US","potentialAction":[{"@type":"ReadAction","target":["https:\/\/www.animaco.net\/alquiler-hologramas-eventos-empresariales-2\/"]}]},{"@type":"BreadcrumbList","@id":"https:\/\/www.animaco.net\/alquiler-hologramas-eventos-empresariales-2\/#breadcrumb","itemListElement":[{"@type":"ListItem","position":1,"name":"Inicio","item":"https:\/\/www.animaco.net\/"},{"@type":"ListItem","position":2,"name":"Hologramas","item":"https:\/\/www.animaco.net\/category\/hologramas\/"},{"@type":"ListItem","position":3,"name":"Alquiler de Hologramas para Eventos Empresariales"}]},{"@type":"Article","@id":"https:\/\/www.animaco.net\/alquiler-hologramas-eventos-empresariales-2\/#article","isPartOf":{"@id":"https:\/\/www.animaco.net\/alquiler-hologramas-eventos-empresariales-2\/#webpage"},"author":{"@id":"https:\/\/www.animaco.net\/#\/schema\/person\/fae70956890529fc87db32536fb5ee0b"},"headline":"Alquiler de Hologramas para Eventos Empresariales","datePublished":"2025-01-16T21:40:00+00:00","dateModified":"2025-01-16T21:40:00+00:00","mainEntityOfPage":{"@id":"https:\/\/www.animaco.net\/alquiler-hologramas-eventos-empresariales-2\/#webpage"},"wordCount":315,"commentCount":0,"publisher":{"@id":"https:\/\/www.animaco.net\/#organization"},"image":{"@id":"https:\/\/www.animaco.net\/alquiler-hologramas-eventos-empresariales-2\/#primaryimage"},"thumbnailUrl":"https:\/\/www.animaco.net\/wp-content\/uploads\/2025\/01\/presentacion.jpg","keywords":["alquiler hologramas eventos empresariales","conexi\u00f3n p\u00fablico","fieston","fieston holograma","hologramas bienvenida","impacto visual","innovador formato","interacci\u00f3n asistente virtual","janos holograma","marco hologr\u00e1fico","M\u00f3dulo Cubo","personalizaci\u00f3n hologramas","stand ferias","visual magic holograma"],"articleSection":["Hologramas"],"inLanguage":"en-US","potentialAction":[{"@type":"CommentAction","name":"Comment","target":["https:\/\/www.animaco.net\/alquiler-hologramas-eventos-empresariales-2\/#respond"]}]},{"@type":"Person","@id":"https:\/\/www.animaco.net\/#\/schema\/person\/fae70956890529fc87db32536fb5ee0b","name":"Animaco","image":{"@type":"ImageObject","@id":"https:\/\/www.animaco.net\/#personlogo","inLanguage":"en-US","url":"https:\/\/secure.gravatar.com\/avatar\/5b52c88852799c7afd8876740f0271db?s=96&d=mm&r=g","contentUrl":"https:\/\/secure.gravatar.com\/avatar\/5b52c88852799c7afd8876740f0271db?s=96&d=mm&r=g","caption":"Animaco"},"description":"Tecnolog\u00edas Futuras","sameAs":["https:\/\/animaco.net"]}]}},"_links":{"self":[{"href":"https:\/\/www.animaco.net\/en\/wp-json\/wp\/v2\/posts\/5408"}],"collection":[{"href":"https:\/\/www.animaco.net\/en\/wp-json\/wp\/v2\/posts"}],"about":[{"href":"https:\/\/www.animaco.net\/en\/wp-json\/wp\/v2\/types\/post"}],"author":[{"embeddable":true,"href":"https:\/\/www.animaco.net\/en\/wp-json\/wp\/v2\/users\/3"}],"replies":[{"embeddable":true,"href":"https:\/\/www.animaco.net\/en\/wp-json\/wp\/v2\/comments?post=5408"}],"version-history":[{"count":0,"href":"https:\/\/www.animaco.net\/en\/wp-json\/wp\/v2\/posts\/5408\/revisions"}],"wp:attachment":[{"href":"https:\/\/www.animaco.net\/en\/wp-json\/wp\/v2\/media?parent=5408"}],"wp:term":[{"taxonomy":"category","embeddable":true,"href":"https:\/\/www.animaco.net\/en\/wp-json\/wp\/v2\/categories?post=5408"},{"taxonomy":"post_tag","embeddable":true,"href":"https:\/\/www.animaco.net\/en\/wp-json\/wp\/v2\/tags?post=5408"}],"curies":[{"name":"wp","href":"https:\/\/api.w.org\/{rel}","templated":true}]}}