{"id":5493,"date":"2025-02-06T23:00:00","date_gmt":"2025-02-07T02:00:00","guid":{"rendered":"https:\/\/www.animaco.net\/?p=5493"},"modified":"2025-02-06T23:00:00","modified_gmt":"2025-02-07T02:00:00","slug":"alquiler-rio-negro-hologramas","status":"publish","type":"post","link":"https:\/\/www.animaco.net\/en\/alquiler-rio-negro-hologramas\/","title":{"rendered":"Alquiler de Hologramas en R\u00edo Negro Exclusivos"},"content":{"rendered":"<p>Cuando pens\u00e1s en realizar un evento en R\u00edo Negro que se destaque y deje una marca indeleble en los asistentes, la tecnolog\u00eda hologr\u00e1fica de Animaco es la herramienta perfecta para lograrlo. Desde presentaciones de productos hasta eventos corporativos o celebraciones especiales, ofrecemos una experiencia \u00fanica y futurista que captar\u00e1 la atenci\u00f3n de todos.<\/p>\n<p>Uno de los modelos m\u00e1s populares para estos eventos en R\u00edo Negro es el <b>M\u00f3dulo Cubo<\/b>. Este holograma de mesa permite mostrar contenido hologr\u00e1fico sin requerir de mucho espacio, ideal para eventos empresariales o exposiciones donde sea necesario impactar sin ocupar grandes dimensiones. Banco Galicia, por ejemplo, ha utilizado este modelo con excelentes resultados en su branding corporativo.<\/p>\n<figure class='wp-block-image'><img src='https:\/\/www.animaco.net\/wp-content\/uploads\/2024\/08\/2024-08-21_04-38-31.jpg' alt='M\u00f3dulo Cubo hologr\u00e1fico' \/><\/figure>\n<p>En eventos que requieren una presencia m\u00e1s destacada, como convenciones o bodas, el <b>Marco Hologr\u00e1fico<\/b> es la opci\u00f3n ideal. Este holograma de pie, de dimensiones considerables, ofrece la posibilidad de recibir a los invitados con una impactante bienvenida hologr\u00e1fica. Este modelo ha sido elegido por el Gobierno de la Ciudad en varios eventos, logrando una interacci\u00f3n memorable entre el holograma y los asistentes.<\/p>\n<figure class='wp-block-image'><img src='https:\/\/www.animaco.net\/wp-content\/uploads\/2025\/01\/bienvenida.jpg' alt='Marco Hologr\u00e1fico en acci\u00f3n' \/><\/figure>\n<p>Adem\u00e1s, para aquellos eventos o presentaciones que necesiten de un efecto visual masivo, contamos con los <b>Escenarios Hologr\u00e1ficos \u00cdntegros<\/b>. Estos se pueden adaptar para ser trasportados y montados en eventos itinerantes alrededor de R\u00edo Negro, ofreciendo una experiencia envolvente donde el p\u00fablico podr\u00e1 ver hologramas de cuerpo completo que parecen cobrar vida en 3D. Este tipo de montaje ha sido utilizado exitosamente en encuentros acad\u00e9micos de alto nivel, tales como charlas TEDx en ciudades vecinas.<\/p>\n<figure class='wp-block-image'><img src='https:\/\/www.animaco.net\/wp-content\/uploads\/2025\/01\/escenario.jpg' alt='Escenario Hologr\u00e1fico \u00cdntegro' \/><\/figure>\n<p>Todos nuestros hologramas permiten personalizaci\u00f3n en cuanto a tama\u00f1o y est\u00e9tica, para que tu evento en R\u00edo Negro luzca exactamente como lo so\u00f1aste. Si est\u00e1s interesado en explorar las infinitas posibilidades visuales e interactivas que la holograf\u00eda puede ofrecerte, no dudes en pedir una cotizaci\u00f3n con nosotros.<\/p>\n<figure class='wp-block-image'><img src='https:\/\/www.animaco.net\/wp-content\/uploads\/2024\/08\/animacoapic.jpg' alt='Logo de Animaco' \/><\/figure>","protected":false},"excerpt":{"rendered":"<p>Cuando pens\u00e1s en realizar un evento en R\u00edo Negro que se destaque y deje una marca indeleble en los asistentes, la tecnolog\u00eda hologr\u00e1fica de Animaco es la herramienta perfecta para&#8230;<\/p>","protected":false},"author":3,"featured_media":0,"comment_status":"open","ping_status":"open","sticky":false,"template":"","format":"standard","meta":[],"categories":[178],"tags":[2633,2635,109,2634,180,2445,2446,2447,66,128,1273,61,46,2448],"yoast_head":"<!-- This site is optimized with the Yoast SEO Premium plugin v16.9 (Yoast SEO v16.9) - https:\/\/yoast.com\/wordpress\/plugins\/seo\/ -->\n<title>Alquiler de Hologramas en R\u00edo Negro Exclusivos - Animaco<\/title>\n<meta name=\"description\" content=\"Alquila hologramas exclusivos para tus eventos en R\u00edo Negro.\" \/>\n<meta name=\"robots\" content=\"index, follow, max-snippet:-1, max-image-preview:large, max-video-preview:-1\" \/>\n<link rel=\"canonical\" href=\"https:\/\/www.animaco.net\/en\/alquiler-rio-negro-hologramas\/\" \/>\n<meta property=\"og:locale\" content=\"en_US\" \/>\n<meta property=\"og:type\" content=\"article\" \/>\n<meta property=\"og:title\" content=\"Alquiler de Hologramas en R\u00edo Negro Exclusivos\" \/>\n<meta property=\"og:description\" content=\"Alquila hologramas exclusivos para tus eventos en R\u00edo Negro.\" \/>\n<meta property=\"og:url\" content=\"https:\/\/www.animaco.net\/en\/alquiler-rio-negro-hologramas\/\" \/>\n<meta property=\"og:site_name\" content=\"Animaco\" \/>\n<meta property=\"article:publisher\" content=\"https:\/\/www.facebook.com\/Animaconet\" \/>\n<meta property=\"article:published_time\" content=\"2025-02-07T02:00:00+00:00\" \/>\n<meta property=\"og:image\" content=\"https:\/\/www.animaco.net\/wp-content\/uploads\/2024\/08\/2024-08-21_04-38-31.jpg\" \/>\n<meta name=\"twitter:card\" content=\"summary_large_image\" \/>\n<meta name=\"twitter:label1\" content=\"Written by\" \/>\n\t<meta name=\"twitter:data1\" content=\"Animaco\" \/>\n\t<meta name=\"twitter:label2\" content=\"Est. reading time\" \/>\n\t<meta name=\"twitter:data2\" content=\"2 minutes\" \/>\n<script type=\"application\/ld+json\" class=\"yoast-schema-graph\">{\"@context\":\"https:\/\/schema.org\",\"@graph\":[{\"@type\":\"Organization\",\"@id\":\"https:\/\/www.animaco.net\/#organization\",\"name\":\"Animaco\",\"url\":\"https:\/\/www.animaco.net\/\",\"sameAs\":[\"https:\/\/www.facebook.com\/Animaconet\",\"https:\/\/www.instagram.com\/animaconet\",\"https:\/\/www.linkedin.com\/company\/71689351\",\"https:\/\/www.youtube.com\/@AnimacoNett\"],\"logo\":{\"@type\":\"ImageObject\",\"@id\":\"https:\/\/www.animaco.net\/#logo\",\"inLanguage\":\"en-US\",\"url\":\"https:\/\/www.animaco.net\/wp-content\/uploads\/2018\/04\/animaco-logo-2017-min.png\",\"contentUrl\":\"https:\/\/www.animaco.net\/wp-content\/uploads\/2018\/04\/animaco-logo-2017-min.png\",\"width\":121,\"height\":34,\"caption\":\"Animaco\"},\"image\":{\"@id\":\"https:\/\/www.animaco.net\/#logo\"}},{\"@type\":\"WebSite\",\"@id\":\"https:\/\/www.animaco.net\/#website\",\"url\":\"https:\/\/www.animaco.net\/\",\"name\":\"Animaco\",\"description\":\"Animaco crea experiencias totalmente futuristas y desarrolla proyectos innovadores con el uso de nuevas tecnolog\\u00edas\",\"publisher\":{\"@id\":\"https:\/\/www.animaco.net\/#organization\"},\"potentialAction\":[{\"@type\":\"SearchAction\",\"target\":{\"@type\":\"EntryPoint\",\"urlTemplate\":\"https:\/\/www.animaco.net\/?s={search_term_string}\"},\"query-input\":\"required name=search_term_string\"}],\"inLanguage\":\"en-US\"},{\"@type\":\"ImageObject\",\"@id\":\"https:\/\/www.animaco.net\/alquiler-rio-negro-hologramas\/#primaryimage\",\"inLanguage\":\"en-US\",\"url\":\"https:\/\/www.animaco.net\/wp-content\/uploads\/2024\/08\/2024-08-21_04-38-31.jpg\",\"contentUrl\":\"https:\/\/www.animaco.net\/wp-content\/uploads\/2024\/08\/2024-08-21_04-38-31.jpg\",\"width\":1828,\"height\":1216,\"caption\":\"M\\u00e9dico dando charla en un escenario hologr\\u00e1fico en congreso m\\u00e9dico internacional\"},{\"@type\":[\"WebPage\",\"ItemPage\"],\"@id\":\"https:\/\/www.animaco.net\/alquiler-rio-negro-hologramas\/#webpage\",\"url\":\"https:\/\/www.animaco.net\/alquiler-rio-negro-hologramas\/\",\"name\":\"Alquiler de Hologramas en R\\u00edo Negro Exclusivos - Animaco\",\"isPartOf\":{\"@id\":\"https:\/\/www.animaco.net\/#website\"},\"primaryImageOfPage\":{\"@id\":\"https:\/\/www.animaco.net\/alquiler-rio-negro-hologramas\/#primaryimage\"},\"datePublished\":\"2025-02-07T02:00:00+00:00\",\"dateModified\":\"2025-02-07T02:00:00+00:00\",\"description\":\"Alquila hologramas exclusivos para tus eventos en R\\u00edo Negro.\",\"breadcrumb\":{\"@id\":\"https:\/\/www.animaco.net\/alquiler-rio-negro-hologramas\/#breadcrumb\"},\"inLanguage\":\"en-US\",\"potentialAction\":[{\"@type\":\"ReadAction\",\"target\":[\"https:\/\/www.animaco.net\/alquiler-rio-negro-hologramas\/\"]}]},{\"@type\":\"BreadcrumbList\",\"@id\":\"https:\/\/www.animaco.net\/alquiler-rio-negro-hologramas\/#breadcrumb\",\"itemListElement\":[{\"@type\":\"ListItem\",\"position\":1,\"name\":\"Inicio\",\"item\":\"https:\/\/www.animaco.net\/\"},{\"@type\":\"ListItem\",\"position\":2,\"name\":\"Hologramas\",\"item\":\"https:\/\/www.animaco.net\/category\/hologramas\/\"},{\"@type\":\"ListItem\",\"position\":3,\"name\":\"Alquiler de Hologramas en R\\u00edo Negro Exclusivos\"}]},{\"@type\":\"Article\",\"@id\":\"https:\/\/www.animaco.net\/alquiler-rio-negro-hologramas\/#article\",\"isPartOf\":{\"@id\":\"https:\/\/www.animaco.net\/alquiler-rio-negro-hologramas\/#webpage\"},\"author\":{\"@id\":\"https:\/\/www.animaco.net\/#\/schema\/person\/fae70956890529fc87db32536fb5ee0b\"},\"headline\":\"Alquiler de Hologramas en R\\u00edo Negro Exclusivos\",\"datePublished\":\"2025-02-07T02:00:00+00:00\",\"dateModified\":\"2025-02-07T02:00:00+00:00\",\"mainEntityOfPage\":{\"@id\":\"https:\/\/www.animaco.net\/alquiler-rio-negro-hologramas\/#webpage\"},\"wordCount\":331,\"commentCount\":0,\"publisher\":{\"@id\":\"https:\/\/www.animaco.net\/#organization\"},\"image\":{\"@id\":\"https:\/\/www.animaco.net\/alquiler-rio-negro-hologramas\/#primaryimage\"},\"thumbnailUrl\":\"https:\/\/www.animaco.net\/wp-content\/uploads\/2024\/08\/2024-08-21_04-38-31.jpg\",\"keywords\":[\"alquiler hologramas rio negro\",\"animaco rio negro\",\"escenarios hologr\\u00e1ficos\",\"eventos holografia\",\"experiencias \\u00fanicas\",\"fieston\",\"fieston holograma\",\"janos holograma\",\"marco hologr\\u00e1fico\",\"M\\u00f3dulo Cubo\",\"personalizaci\\u00f3n eventos\",\"presentaciones hologr\\u00e1ficas\",\"tecnolog\\u00eda futurista\",\"visual magic holograma\"],\"articleSection\":[\"Hologramas\"],\"inLanguage\":\"en-US\",\"potentialAction\":[{\"@type\":\"CommentAction\",\"name\":\"Comment\",\"target\":[\"https:\/\/www.animaco.net\/alquiler-rio-negro-hologramas\/#respond\"]}]},{\"@type\":\"Person\",\"@id\":\"https:\/\/www.animaco.net\/#\/schema\/person\/fae70956890529fc87db32536fb5ee0b\",\"name\":\"Animaco\",\"image\":{\"@type\":\"ImageObject\",\"@id\":\"https:\/\/www.animaco.net\/#personlogo\",\"inLanguage\":\"en-US\",\"url\":\"https:\/\/secure.gravatar.com\/avatar\/5b52c88852799c7afd8876740f0271db?s=96&d=mm&r=g\",\"contentUrl\":\"https:\/\/secure.gravatar.com\/avatar\/5b52c88852799c7afd8876740f0271db?s=96&d=mm&r=g\",\"caption\":\"Animaco\"},\"description\":\"Tecnolog\\u00edas Futuras\",\"sameAs\":[\"https:\/\/animaco.net\"]}]}<\/script>\n<!-- \/ Yoast SEO Premium plugin. -->","yoast_head_json":{"title":"Alquiler de Hologramas en R\u00edo Negro Exclusivos - Animaco","description":"Alquila hologramas exclusivos para tus eventos en R\u00edo Negro.","robots":{"index":"index","follow":"follow","max-snippet":"max-snippet:-1","max-image-preview":"max-image-preview:large","max-video-preview":"max-video-preview:-1"},"canonical":"https:\/\/www.animaco.net\/en\/alquiler-rio-negro-hologramas\/","og_locale":"en_US","og_type":"article","og_title":"Alquiler de Hologramas en R\u00edo Negro Exclusivos","og_description":"Alquila hologramas exclusivos para tus eventos en R\u00edo Negro.","og_url":"https:\/\/www.animaco.net\/en\/alquiler-rio-negro-hologramas\/","og_site_name":"Animaco","article_publisher":"https:\/\/www.facebook.com\/Animaconet","article_published_time":"2025-02-07T02:00:00+00:00","og_image":[{"url":"https:\/\/www.animaco.net\/wp-content\/uploads\/2024\/08\/2024-08-21_04-38-31.jpg"}],"twitter_card":"summary_large_image","twitter_misc":{"Written by":"Animaco","Est. reading time":"2 minutes"},"schema":{"@context":"https:\/\/schema.org","@graph":[{"@type":"Organization","@id":"https:\/\/www.animaco.net\/#organization","name":"Animaco","url":"https:\/\/www.animaco.net\/","sameAs":["https:\/\/www.facebook.com\/Animaconet","https:\/\/www.instagram.com\/animaconet","https:\/\/www.linkedin.com\/company\/71689351","https:\/\/www.youtube.com\/@AnimacoNett"],"logo":{"@type":"ImageObject","@id":"https:\/\/www.animaco.net\/#logo","inLanguage":"en-US","url":"https:\/\/www.animaco.net\/wp-content\/uploads\/2018\/04\/animaco-logo-2017-min.png","contentUrl":"https:\/\/www.animaco.net\/wp-content\/uploads\/2018\/04\/animaco-logo-2017-min.png","width":121,"height":34,"caption":"Animaco"},"image":{"@id":"https:\/\/www.animaco.net\/#logo"}},{"@type":"WebSite","@id":"https:\/\/www.animaco.net\/#website","url":"https:\/\/www.animaco.net\/","name":"Animaco","description":"Animaco crea experiencias totalmente futuristas y desarrolla proyectos innovadores con el uso de nuevas tecnolog\u00edas","publisher":{"@id":"https:\/\/www.animaco.net\/#organization"},"potentialAction":[{"@type":"SearchAction","target":{"@type":"EntryPoint","urlTemplate":"https:\/\/www.animaco.net\/?s={search_term_string}"},"query-input":"required name=search_term_string"}],"inLanguage":"en-US"},{"@type":"ImageObject","@id":"https:\/\/www.animaco.net\/alquiler-rio-negro-hologramas\/#primaryimage","inLanguage":"en-US","url":"https:\/\/www.animaco.net\/wp-content\/uploads\/2024\/08\/2024-08-21_04-38-31.jpg","contentUrl":"https:\/\/www.animaco.net\/wp-content\/uploads\/2024\/08\/2024-08-21_04-38-31.jpg","width":1828,"height":1216,"caption":"M\u00e9dico dando charla en un escenario hologr\u00e1fico en congreso m\u00e9dico internacional"},{"@type":["WebPage","ItemPage"],"@id":"https:\/\/www.animaco.net\/alquiler-rio-negro-hologramas\/#webpage","url":"https:\/\/www.animaco.net\/alquiler-rio-negro-hologramas\/","name":"Alquiler de Hologramas en R\u00edo Negro Exclusivos - Animaco","isPartOf":{"@id":"https:\/\/www.animaco.net\/#website"},"primaryImageOfPage":{"@id":"https:\/\/www.animaco.net\/alquiler-rio-negro-hologramas\/#primaryimage"},"datePublished":"2025-02-07T02:00:00+00:00","dateModified":"2025-02-07T02:00:00+00:00","description":"Alquila hologramas exclusivos para tus eventos en R\u00edo Negro.","breadcrumb":{"@id":"https:\/\/www.animaco.net\/alquiler-rio-negro-hologramas\/#breadcrumb"},"inLanguage":"en-US","potentialAction":[{"@type":"ReadAction","target":["https:\/\/www.animaco.net\/alquiler-rio-negro-hologramas\/"]}]},{"@type":"BreadcrumbList","@id":"https:\/\/www.animaco.net\/alquiler-rio-negro-hologramas\/#breadcrumb","itemListElement":[{"@type":"ListItem","position":1,"name":"Inicio","item":"https:\/\/www.animaco.net\/"},{"@type":"ListItem","position":2,"name":"Hologramas","item":"https:\/\/www.animaco.net\/category\/hologramas\/"},{"@type":"ListItem","position":3,"name":"Alquiler de Hologramas en R\u00edo Negro Exclusivos"}]},{"@type":"Article","@id":"https:\/\/www.animaco.net\/alquiler-rio-negro-hologramas\/#article","isPartOf":{"@id":"https:\/\/www.animaco.net\/alquiler-rio-negro-hologramas\/#webpage"},"author":{"@id":"https:\/\/www.animaco.net\/#\/schema\/person\/fae70956890529fc87db32536fb5ee0b"},"headline":"Alquiler de Hologramas en R\u00edo Negro Exclusivos","datePublished":"2025-02-07T02:00:00+00:00","dateModified":"2025-02-07T02:00:00+00:00","mainEntityOfPage":{"@id":"https:\/\/www.animaco.net\/alquiler-rio-negro-hologramas\/#webpage"},"wordCount":331,"commentCount":0,"publisher":{"@id":"https:\/\/www.animaco.net\/#organization"},"image":{"@id":"https:\/\/www.animaco.net\/alquiler-rio-negro-hologramas\/#primaryimage"},"thumbnailUrl":"https:\/\/www.animaco.net\/wp-content\/uploads\/2024\/08\/2024-08-21_04-38-31.jpg","keywords":["alquiler hologramas rio negro","animaco rio negro","escenarios hologr\u00e1ficos","eventos holografia","experiencias \u00fanicas","fieston","fieston holograma","janos holograma","marco hologr\u00e1fico","M\u00f3dulo Cubo","personalizaci\u00f3n eventos","presentaciones hologr\u00e1ficas","tecnolog\u00eda futurista","visual magic holograma"],"articleSection":["Hologramas"],"inLanguage":"en-US","potentialAction":[{"@type":"CommentAction","name":"Comment","target":["https:\/\/www.animaco.net\/alquiler-rio-negro-hologramas\/#respond"]}]},{"@type":"Person","@id":"https:\/\/www.animaco.net\/#\/schema\/person\/fae70956890529fc87db32536fb5ee0b","name":"Animaco","image":{"@type":"ImageObject","@id":"https:\/\/www.animaco.net\/#personlogo","inLanguage":"en-US","url":"https:\/\/secure.gravatar.com\/avatar\/5b52c88852799c7afd8876740f0271db?s=96&d=mm&r=g","contentUrl":"https:\/\/secure.gravatar.com\/avatar\/5b52c88852799c7afd8876740f0271db?s=96&d=mm&r=g","caption":"Animaco"},"description":"Tecnolog\u00edas Futuras","sameAs":["https:\/\/animaco.net"]}]}},"_links":{"self":[{"href":"https:\/\/www.animaco.net\/en\/wp-json\/wp\/v2\/posts\/5493"}],"collection":[{"href":"https:\/\/www.animaco.net\/en\/wp-json\/wp\/v2\/posts"}],"about":[{"href":"https:\/\/www.animaco.net\/en\/wp-json\/wp\/v2\/types\/post"}],"author":[{"embeddable":true,"href":"https:\/\/www.animaco.net\/en\/wp-json\/wp\/v2\/users\/3"}],"replies":[{"embeddable":true,"href":"https:\/\/www.animaco.net\/en\/wp-json\/wp\/v2\/comments?post=5493"}],"version-history":[{"count":0,"href":"https:\/\/www.animaco.net\/en\/wp-json\/wp\/v2\/posts\/5493\/revisions"}],"wp:attachment":[{"href":"https:\/\/www.animaco.net\/en\/wp-json\/wp\/v2\/media?parent=5493"}],"wp:term":[{"taxonomy":"category","embeddable":true,"href":"https:\/\/www.animaco.net\/en\/wp-json\/wp\/v2\/categories?post=5493"},{"taxonomy":"post_tag","embeddable":true,"href":"https:\/\/www.animaco.net\/en\/wp-json\/wp\/v2\/tags?post=5493"}],"curies":[{"name":"wp","href":"https:\/\/api.w.org\/{rel}","templated":true}]}}