{"id":5503,"date":"2025-02-09T14:20:00","date_gmt":"2025-02-09T17:20:00","guid":{"rendered":"https:\/\/www.animaco.net\/?p=5503"},"modified":"2025-02-09T14:20:00","modified_gmt":"2025-02-09T17:20:00","slug":"alquiler-hologramas-cordoba","status":"publish","type":"post","link":"https:\/\/www.animaco.net\/en\/alquiler-hologramas-cordoba\/","title":{"rendered":"Alquiler de Hologramas en C\u00f3rdoba"},"content":{"rendered":"<figure class='wp-block-video'><video autoplay loop muted preload='auto' src='https:\/\/www.animaco.net\/wp-content\/uploads\/2025\/01\/modulo.webm'><\/video><\/figure>\n<p>Si est\u00e1s buscando una forma innovadora de impactar y destacarte en eventos en C\u00f3rdoba, el alquiler de hologramas es la soluci\u00f3n perfecta. En Animaco, ofrecemos una amplia gama de modelos que se pueden personalizar para adaptarse a tus necesidades espec\u00edficas, ya sea para una feria comercial, una exposici\u00f3n o cualquier tipo de evento.<\/p>\n<p>Una de nuestras opciones m\u00e1s solicitadas son los <b>Hologramas de Pie<\/b>, ideales para recibir a los invitados en grandes eventos como bodas, fiestas de 15 a\u00f1os o convenciones empresariales. Estos hologramas, con dimensiones aproximadas de 2 metros de alto por 1 metro de ancho, permiten crear efectos tridimensionales a escala real de una persona. Esto fue particularmente exitoso en eventos de empresas como Banco Galicia y el Gobierno de la Ciudad.<\/p>\n<figure><img src=\"https:\/\/www.animaco.net\/wp-content\/uploads\/2025\/01\/presentacion.jpg\" alt=\"Presentaci\u00f3n Hologr\u00e1fica\" \/><\/figure>\n<p>Otra opci\u00f3n atractiva es el <b>M\u00f3dulo Cubo<\/b> especialmente dise\u00f1ado para mesas, perfecto para exponer productos en presentaciones. Este modelo fue utilizado en eventos como la Expo Rural 2019 donde se mostr\u00f3 el proceso de purificaci\u00f3n de agua de PSA.<\/p>\n<figure><img src=\"https:\/\/www.animaco.net\/wp-content\/uploads\/2025\/01\/medicina.jpg\" alt=\"M\u00f3dulo Cubo en acci\u00f3n\" \/><\/figure>\n<p>Contamos tambi\u00e9n con el <b>Sistema Hologr\u00e1fico de Escenario<\/b>, que es ideal para aquellos que deseen proyectar contenido pregrabado o en vivo. Este fue implementado exitosamente en el Congreso del Bicentenario en el Hotel Intercontinental de Buenos Aires con excelente acogida.<\/p>\n<figure><img src=\"https:\/\/www.animaco.net\/wp-content\/uploads\/2025\/01\/escenario.jpg\" alt=\"Escenario Hologr\u00e1fico\" \/><\/figure>\n<p>Nuestra tecnolog\u00eda no solo ofrece una incre\u00edble calidad visual, sino que tambi\u00e9n incluye sistemas de audio integrados para crear una experiencia sensorial completa. Los hologramas son perfectos para captar la atenci\u00f3n y crear un recuerdo duradero para tu audiencia.<\/p>\n<p>No pierdas la oportunidad de revolucionar tu pr\u00f3ximo evento. Si est\u00e1s interesado en alquilar un holograma en C\u00f3rdoba y quer\u00e9s saber m\u00e1s sobre c\u00f3mo esta tecnolog\u00eda puede adaptarse a tus necesidades, no dudes en pedirnos una cotizaci\u00f3n.<\/p>\n<figure><img src=\"https:\/\/www.animaco.net\/wp-content\/uploads\/2024\/08\/animacoapic.jpg\" alt=\"Logo Animaco\" \/><\/figure>","protected":false},"excerpt":{"rendered":"<p>Si est\u00e1s buscando una forma innovadora de impactar y destacarte en eventos en C\u00f3rdoba, el alquiler de hologramas es la soluci\u00f3n perfecta. En Animaco, ofrecemos una amplia gama de modelos&#8230;<\/p>","protected":false},"author":3,"featured_media":0,"comment_status":"open","ping_status":"open","sticky":false,"template":"","format":"standard","meta":[],"categories":[178],"tags":[53,2652,69,183,2445,2446,65,2447,1619,168,1576,214,1864,2448],"yoast_head":"<!-- This site is optimized with the Yoast SEO Premium plugin v16.9 (Yoast SEO v16.9) - https:\/\/yoast.com\/wordpress\/plugins\/seo\/ -->\n<title>Alquiler de Hologramas en C\u00f3rdoba - Animaco<\/title>\n<meta name=\"description\" content=\"Alquila hologramas sorprendentes en C\u00f3rdoba para tu pr\u00f3ximo evento.\" \/>\n<meta name=\"robots\" content=\"index, follow, max-snippet:-1, max-image-preview:large, max-video-preview:-1\" \/>\n<link rel=\"canonical\" href=\"https:\/\/www.animaco.net\/en\/alquiler-hologramas-cordoba\/\" \/>\n<meta property=\"og:locale\" content=\"en_US\" \/>\n<meta property=\"og:type\" content=\"article\" \/>\n<meta property=\"og:title\" content=\"Alquiler de Hologramas en C\u00f3rdoba\" \/>\n<meta property=\"og:description\" content=\"Alquila hologramas sorprendentes en C\u00f3rdoba para tu pr\u00f3ximo evento.\" \/>\n<meta property=\"og:url\" content=\"https:\/\/www.animaco.net\/en\/alquiler-hologramas-cordoba\/\" \/>\n<meta property=\"og:site_name\" content=\"Animaco\" \/>\n<meta property=\"article:publisher\" content=\"https:\/\/www.facebook.com\/Animaconet\" \/>\n<meta property=\"article:published_time\" content=\"2025-02-09T17:20:00+00:00\" \/>\n<meta property=\"og:image\" content=\"https:\/\/www.animaco.net\/wp-content\/uploads\/2025\/01\/presentacion.jpg\" \/>\n<meta name=\"twitter:card\" content=\"summary_large_image\" \/>\n<meta name=\"twitter:label1\" content=\"Written by\" \/>\n\t<meta name=\"twitter:data1\" content=\"Animaco\" \/>\n\t<meta name=\"twitter:label2\" content=\"Est. reading time\" \/>\n\t<meta name=\"twitter:data2\" content=\"2 minutes\" \/>\n<script type=\"application\/ld+json\" class=\"yoast-schema-graph\">{\"@context\":\"https:\/\/schema.org\",\"@graph\":[{\"@type\":\"Organization\",\"@id\":\"https:\/\/www.animaco.net\/#organization\",\"name\":\"Animaco\",\"url\":\"https:\/\/www.animaco.net\/\",\"sameAs\":[\"https:\/\/www.facebook.com\/Animaconet\",\"https:\/\/www.instagram.com\/animaconet\",\"https:\/\/www.linkedin.com\/company\/71689351\",\"https:\/\/www.youtube.com\/@AnimacoNett\"],\"logo\":{\"@type\":\"ImageObject\",\"@id\":\"https:\/\/www.animaco.net\/#logo\",\"inLanguage\":\"en-US\",\"url\":\"https:\/\/www.animaco.net\/wp-content\/uploads\/2018\/04\/animaco-logo-2017-min.png\",\"contentUrl\":\"https:\/\/www.animaco.net\/wp-content\/uploads\/2018\/04\/animaco-logo-2017-min.png\",\"width\":121,\"height\":34,\"caption\":\"Animaco\"},\"image\":{\"@id\":\"https:\/\/www.animaco.net\/#logo\"}},{\"@type\":\"WebSite\",\"@id\":\"https:\/\/www.animaco.net\/#website\",\"url\":\"https:\/\/www.animaco.net\/\",\"name\":\"Animaco\",\"description\":\"Animaco crea experiencias totalmente futuristas y desarrolla proyectos innovadores con el uso de nuevas tecnolog\\u00edas\",\"publisher\":{\"@id\":\"https:\/\/www.animaco.net\/#organization\"},\"potentialAction\":[{\"@type\":\"SearchAction\",\"target\":{\"@type\":\"EntryPoint\",\"urlTemplate\":\"https:\/\/www.animaco.net\/?s={search_term_string}\"},\"query-input\":\"required name=search_term_string\"}],\"inLanguage\":\"en-US\"},{\"@type\":\"ImageObject\",\"@id\":\"https:\/\/www.animaco.net\/alquiler-hologramas-cordoba\/#primaryimage\",\"inLanguage\":\"en-US\",\"url\":\"https:\/\/www.animaco.net\/wp-content\/uploads\/2025\/01\/presentacion.jpg\",\"contentUrl\":\"https:\/\/www.animaco.net\/wp-content\/uploads\/2025\/01\/presentacion.jpg\",\"width\":960,\"height\":1275,\"caption\":\"Speaker dando una charla con hologramas\"},{\"@type\":[\"WebPage\",\"ItemPage\"],\"@id\":\"https:\/\/www.animaco.net\/alquiler-hologramas-cordoba\/#webpage\",\"url\":\"https:\/\/www.animaco.net\/alquiler-hologramas-cordoba\/\",\"name\":\"Alquiler de Hologramas en C\\u00f3rdoba - Animaco\",\"isPartOf\":{\"@id\":\"https:\/\/www.animaco.net\/#website\"},\"primaryImageOfPage\":{\"@id\":\"https:\/\/www.animaco.net\/alquiler-hologramas-cordoba\/#primaryimage\"},\"datePublished\":\"2025-02-09T17:20:00+00:00\",\"dateModified\":\"2025-02-09T17:20:00+00:00\",\"description\":\"Alquila hologramas sorprendentes en C\\u00f3rdoba para tu pr\\u00f3ximo evento.\",\"breadcrumb\":{\"@id\":\"https:\/\/www.animaco.net\/alquiler-hologramas-cordoba\/#breadcrumb\"},\"inLanguage\":\"en-US\",\"potentialAction\":[{\"@type\":\"ReadAction\",\"target\":[\"https:\/\/www.animaco.net\/alquiler-hologramas-cordoba\/\"]}]},{\"@type\":\"BreadcrumbList\",\"@id\":\"https:\/\/www.animaco.net\/alquiler-hologramas-cordoba\/#breadcrumb\",\"itemListElement\":[{\"@type\":\"ListItem\",\"position\":1,\"name\":\"Inicio\",\"item\":\"https:\/\/www.animaco.net\/\"},{\"@type\":\"ListItem\",\"position\":2,\"name\":\"Hologramas\",\"item\":\"https:\/\/www.animaco.net\/category\/hologramas\/\"},{\"@type\":\"ListItem\",\"position\":3,\"name\":\"Alquiler de Hologramas en C\\u00f3rdoba\"}]},{\"@type\":\"Article\",\"@id\":\"https:\/\/www.animaco.net\/alquiler-hologramas-cordoba\/#article\",\"isPartOf\":{\"@id\":\"https:\/\/www.animaco.net\/alquiler-hologramas-cordoba\/#webpage\"},\"author\":{\"@id\":\"https:\/\/www.animaco.net\/#\/schema\/person\/fae70956890529fc87db32536fb5ee0b\"},\"headline\":\"Alquiler de Hologramas en C\\u00f3rdoba\",\"datePublished\":\"2025-02-09T17:20:00+00:00\",\"dateModified\":\"2025-02-09T17:20:00+00:00\",\"mainEntityOfPage\":{\"@id\":\"https:\/\/www.animaco.net\/alquiler-hologramas-cordoba\/#webpage\"},\"wordCount\":306,\"commentCount\":0,\"publisher\":{\"@id\":\"https:\/\/www.animaco.net\/#organization\"},\"image\":{\"@id\":\"https:\/\/www.animaco.net\/alquiler-hologramas-cordoba\/#primaryimage\"},\"thumbnailUrl\":\"https:\/\/www.animaco.net\/wp-content\/uploads\/2025\/01\/presentacion.jpg\",\"keywords\":[\"alquiler de hologramas\",\"C\\u00f3rdoba\",\"escenario hologr\\u00e1fico\",\"eventos innovadores\",\"fieston\",\"fieston holograma\",\"hologramas de pie\",\"janos holograma\",\"personalizaci\\u00f3n en eventos\",\"presentaciones interactivas\",\"promoci\\u00f3n con hologramas\",\"tecnolog\\u00eda de vanguardia\",\"tecnolog\\u00eda visual\",\"visual magic holograma\"],\"articleSection\":[\"Hologramas\"],\"inLanguage\":\"en-US\",\"potentialAction\":[{\"@type\":\"CommentAction\",\"name\":\"Comment\",\"target\":[\"https:\/\/www.animaco.net\/alquiler-hologramas-cordoba\/#respond\"]}]},{\"@type\":\"Person\",\"@id\":\"https:\/\/www.animaco.net\/#\/schema\/person\/fae70956890529fc87db32536fb5ee0b\",\"name\":\"Animaco\",\"image\":{\"@type\":\"ImageObject\",\"@id\":\"https:\/\/www.animaco.net\/#personlogo\",\"inLanguage\":\"en-US\",\"url\":\"https:\/\/secure.gravatar.com\/avatar\/5b52c88852799c7afd8876740f0271db?s=96&d=mm&r=g\",\"contentUrl\":\"https:\/\/secure.gravatar.com\/avatar\/5b52c88852799c7afd8876740f0271db?s=96&d=mm&r=g\",\"caption\":\"Animaco\"},\"description\":\"Tecnolog\\u00edas Futuras\",\"sameAs\":[\"https:\/\/animaco.net\"]}]}<\/script>\n<!-- \/ Yoast SEO Premium plugin. -->","yoast_head_json":{"title":"Alquiler de Hologramas en C\u00f3rdoba - Animaco","description":"Alquila hologramas sorprendentes en C\u00f3rdoba para tu pr\u00f3ximo evento.","robots":{"index":"index","follow":"follow","max-snippet":"max-snippet:-1","max-image-preview":"max-image-preview:large","max-video-preview":"max-video-preview:-1"},"canonical":"https:\/\/www.animaco.net\/en\/alquiler-hologramas-cordoba\/","og_locale":"en_US","og_type":"article","og_title":"Alquiler de Hologramas en C\u00f3rdoba","og_description":"Alquila hologramas sorprendentes en C\u00f3rdoba para tu pr\u00f3ximo evento.","og_url":"https:\/\/www.animaco.net\/en\/alquiler-hologramas-cordoba\/","og_site_name":"Animaco","article_publisher":"https:\/\/www.facebook.com\/Animaconet","article_published_time":"2025-02-09T17:20:00+00:00","og_image":[{"url":"https:\/\/www.animaco.net\/wp-content\/uploads\/2025\/01\/presentacion.jpg"}],"twitter_card":"summary_large_image","twitter_misc":{"Written by":"Animaco","Est. reading time":"2 minutes"},"schema":{"@context":"https:\/\/schema.org","@graph":[{"@type":"Organization","@id":"https:\/\/www.animaco.net\/#organization","name":"Animaco","url":"https:\/\/www.animaco.net\/","sameAs":["https:\/\/www.facebook.com\/Animaconet","https:\/\/www.instagram.com\/animaconet","https:\/\/www.linkedin.com\/company\/71689351","https:\/\/www.youtube.com\/@AnimacoNett"],"logo":{"@type":"ImageObject","@id":"https:\/\/www.animaco.net\/#logo","inLanguage":"en-US","url":"https:\/\/www.animaco.net\/wp-content\/uploads\/2018\/04\/animaco-logo-2017-min.png","contentUrl":"https:\/\/www.animaco.net\/wp-content\/uploads\/2018\/04\/animaco-logo-2017-min.png","width":121,"height":34,"caption":"Animaco"},"image":{"@id":"https:\/\/www.animaco.net\/#logo"}},{"@type":"WebSite","@id":"https:\/\/www.animaco.net\/#website","url":"https:\/\/www.animaco.net\/","name":"Animaco","description":"Animaco crea experiencias totalmente futuristas y desarrolla proyectos innovadores con el uso de nuevas tecnolog\u00edas","publisher":{"@id":"https:\/\/www.animaco.net\/#organization"},"potentialAction":[{"@type":"SearchAction","target":{"@type":"EntryPoint","urlTemplate":"https:\/\/www.animaco.net\/?s={search_term_string}"},"query-input":"required name=search_term_string"}],"inLanguage":"en-US"},{"@type":"ImageObject","@id":"https:\/\/www.animaco.net\/alquiler-hologramas-cordoba\/#primaryimage","inLanguage":"en-US","url":"https:\/\/www.animaco.net\/wp-content\/uploads\/2025\/01\/presentacion.jpg","contentUrl":"https:\/\/www.animaco.net\/wp-content\/uploads\/2025\/01\/presentacion.jpg","width":960,"height":1275,"caption":"Speaker dando una charla con hologramas"},{"@type":["WebPage","ItemPage"],"@id":"https:\/\/www.animaco.net\/alquiler-hologramas-cordoba\/#webpage","url":"https:\/\/www.animaco.net\/alquiler-hologramas-cordoba\/","name":"Alquiler de Hologramas en C\u00f3rdoba - Animaco","isPartOf":{"@id":"https:\/\/www.animaco.net\/#website"},"primaryImageOfPage":{"@id":"https:\/\/www.animaco.net\/alquiler-hologramas-cordoba\/#primaryimage"},"datePublished":"2025-02-09T17:20:00+00:00","dateModified":"2025-02-09T17:20:00+00:00","description":"Alquila hologramas sorprendentes en C\u00f3rdoba para tu pr\u00f3ximo evento.","breadcrumb":{"@id":"https:\/\/www.animaco.net\/alquiler-hologramas-cordoba\/#breadcrumb"},"inLanguage":"en-US","potentialAction":[{"@type":"ReadAction","target":["https:\/\/www.animaco.net\/alquiler-hologramas-cordoba\/"]}]},{"@type":"BreadcrumbList","@id":"https:\/\/www.animaco.net\/alquiler-hologramas-cordoba\/#breadcrumb","itemListElement":[{"@type":"ListItem","position":1,"name":"Inicio","item":"https:\/\/www.animaco.net\/"},{"@type":"ListItem","position":2,"name":"Hologramas","item":"https:\/\/www.animaco.net\/category\/hologramas\/"},{"@type":"ListItem","position":3,"name":"Alquiler de Hologramas en C\u00f3rdoba"}]},{"@type":"Article","@id":"https:\/\/www.animaco.net\/alquiler-hologramas-cordoba\/#article","isPartOf":{"@id":"https:\/\/www.animaco.net\/alquiler-hologramas-cordoba\/#webpage"},"author":{"@id":"https:\/\/www.animaco.net\/#\/schema\/person\/fae70956890529fc87db32536fb5ee0b"},"headline":"Alquiler de Hologramas en C\u00f3rdoba","datePublished":"2025-02-09T17:20:00+00:00","dateModified":"2025-02-09T17:20:00+00:00","mainEntityOfPage":{"@id":"https:\/\/www.animaco.net\/alquiler-hologramas-cordoba\/#webpage"},"wordCount":306,"commentCount":0,"publisher":{"@id":"https:\/\/www.animaco.net\/#organization"},"image":{"@id":"https:\/\/www.animaco.net\/alquiler-hologramas-cordoba\/#primaryimage"},"thumbnailUrl":"https:\/\/www.animaco.net\/wp-content\/uploads\/2025\/01\/presentacion.jpg","keywords":["alquiler de hologramas","C\u00f3rdoba","escenario hologr\u00e1fico","eventos innovadores","fieston","fieston holograma","hologramas de pie","janos holograma","personalizaci\u00f3n en eventos","presentaciones interactivas","promoci\u00f3n con hologramas","tecnolog\u00eda de vanguardia","tecnolog\u00eda visual","visual magic holograma"],"articleSection":["Hologramas"],"inLanguage":"en-US","potentialAction":[{"@type":"CommentAction","name":"Comment","target":["https:\/\/www.animaco.net\/alquiler-hologramas-cordoba\/#respond"]}]},{"@type":"Person","@id":"https:\/\/www.animaco.net\/#\/schema\/person\/fae70956890529fc87db32536fb5ee0b","name":"Animaco","image":{"@type":"ImageObject","@id":"https:\/\/www.animaco.net\/#personlogo","inLanguage":"en-US","url":"https:\/\/secure.gravatar.com\/avatar\/5b52c88852799c7afd8876740f0271db?s=96&d=mm&r=g","contentUrl":"https:\/\/secure.gravatar.com\/avatar\/5b52c88852799c7afd8876740f0271db?s=96&d=mm&r=g","caption":"Animaco"},"description":"Tecnolog\u00edas Futuras","sameAs":["https:\/\/animaco.net"]}]}},"_links":{"self":[{"href":"https:\/\/www.animaco.net\/en\/wp-json\/wp\/v2\/posts\/5503"}],"collection":[{"href":"https:\/\/www.animaco.net\/en\/wp-json\/wp\/v2\/posts"}],"about":[{"href":"https:\/\/www.animaco.net\/en\/wp-json\/wp\/v2\/types\/post"}],"author":[{"embeddable":true,"href":"https:\/\/www.animaco.net\/en\/wp-json\/wp\/v2\/users\/3"}],"replies":[{"embeddable":true,"href":"https:\/\/www.animaco.net\/en\/wp-json\/wp\/v2\/comments?post=5503"}],"version-history":[{"count":0,"href":"https:\/\/www.animaco.net\/en\/wp-json\/wp\/v2\/posts\/5503\/revisions"}],"wp:attachment":[{"href":"https:\/\/www.animaco.net\/en\/wp-json\/wp\/v2\/media?parent=5503"}],"wp:term":[{"taxonomy":"category","embeddable":true,"href":"https:\/\/www.animaco.net\/en\/wp-json\/wp\/v2\/categories?post=5503"},{"taxonomy":"post_tag","embeddable":true,"href":"https:\/\/www.animaco.net\/en\/wp-json\/wp\/v2\/tags?post=5503"}],"curies":[{"name":"wp","href":"https:\/\/api.w.org\/{rel}","templated":true}]}}