{"id":5551,"date":"2025-02-21T14:20:00","date_gmt":"2025-02-21T17:20:00","guid":{"rendered":"https:\/\/www.animaco.net\/?p=5551"},"modified":"2025-01-16T17:23:01","modified_gmt":"2025-01-16T20:23:01","slug":"alquilar-hologramas-ferias-stand","status":"publish","type":"post","link":"https:\/\/www.animaco.net\/en\/alquilar-hologramas-ferias-stand\/","title":{"rendered":"Alquilar Hologramas para Ferias Comerciales"},"content":{"rendered":"<p>\u00bfTe imaginas el impacto que podr\u00eda tener un holograma en tu pr\u00f3ximo stand en una feria comercial? Desde Animaco, no solo te lo imaginamos: te ayudamos a hacerlo realidad. Con nuestros modelos adaptables de hologramas, pod\u00e9s asegurarte de transformar tu stand en un verdadero im\u00e1n para los asistentes, maximizando el engagement con tu marca.<\/p>\n<figure class=\"wp-block-video\"><video autoplay=\"\" loop=\"\" muted=\"\" preload=\"auto\" src=\"https:\/\/www.animaco.net\/wp-content\/uploads\/2025\/01\/modulo.webm\"><\/video><\/figure>\n<p>Uno de los mayores beneficios de nuestros <b>\u200e<\/b> es su capacidad para captar la atenci\u00f3n inmediata. Olvidate de los carteles convencionales; un holograma genera una experiencia en 3D que desaf\u00eda la l\u00f3gica visual de los espectadores. Esto es ideal para transmitir el mensaje de tu marca de manera innovadora y memorable.<\/p>\n<p>En ferias comerciales donde la competencia es feroz, destacarse es crucial. Por eso, los hologramas de mesa son una excelente opci\u00f3n para espacios m\u00e1s reducidos donde el tr\u00e1nsito de personas es constante. Por ejemplo, el <b>M\u00f3dulo Cubo<\/b> se adapta perfectamente a este entorno.<\/p>\n<p><img src=\"https:\/\/www.animaco.net\/wp-content\/uploads\/2024\/08\/2024-08-21_04-06-05.jpg\" alt=\"M\u00f3dulo Cubo de mesa.\"><\/p>\n<p>Pero si lo que est\u00e1s buscando es algo a\u00fan m\u00e1s grandioso, para eventos de una magnitud mayor, nuestro <b>Escenario Adaptable<\/b> es lo que necesit\u00e1s. Este se adapta al escenario disponible y resalta con su magnitud, ideal para presentaciones de productos o de marca que necesiten un foco especial.<\/p>\n<p><img src=\"https:\/\/www.animaco.net\/wp-content\/uploads\/2025\/01\/escenario.jpg\" alt=\"Escenario Adaptable.\"><\/p>\n<p>La experiencia de quienes han utilizado nuestros hologramas en ferias comerciales es simplemente fant\u00e1stica. Un ejemplo memorable es la colaboraci\u00f3n con PSA en la Expo Rural 2019, donde se integr\u00f3 un sistema de realidad aumentada en el M\u00f3dulo Cubo para simular el proceso de purificaci\u00f3n del agua, atrayendo a un p\u00fablico masivo.<\/p>\n\n\n<iframe loading=\"lazy\" title=\"Sistemas hologr\u00e1ficos en Expo Rural 2019\" width=\"1080\" height=\"608\" src=\"https:\/\/www.youtube.com\/embed\/tE9lHQU5TrY?feature=oembed\" frameborder=\"0\" allow=\"accelerometer; autoplay; clipboard-write; encrypted-media; gyroscope; picture-in-picture; web-share\" referrerpolicy=\"strict-origin-when-cross-origin\" allowfullscreen><\/iframe>\n\n\n<p>\u00bfY si quer\u00e9s algo que encandile a\u00fan m\u00e1s? Imaginate un <b>Marco Hologr\u00e1fico<\/b> que te permita presentar no solo un saludo, sino tambi\u00e9n invitar a la interacci\u00f3n con los asistentes mediante sensores o comandos por voz. En InnovatiBA, una conferencia de tecnolog\u00eda en Buenos Aires, instalamos un sistema de este tipo que le dio la bienvenida a cientos de participantes.<\/p>\n<p><img src=\"https:\/\/www.animaco.net\/wp-content\/uploads\/2025\/01\/bienvenida.jpg\" alt=\"Marco Hologr\u00e1fico dando bienvenida.\"><\/p>\n<p>Sabemos que cada feria y cada empresa tienen necesidades distintas, por eso ofrecemos opciones de personalizaci\u00f3n para adecuar tanto el contenido como la estructura hologr\u00e1fica a las necesidades personales de cada proyecto.<\/p>\n<p>Si te interesa transformar tu participaci\u00f3n en ferias comerciales, contactanos para que podamos ofrecerte una cotizaci\u00f3n personalizada acorde a tus necesidades y as\u00ed materializar el futuro en tu stand.<\/p>\n<p><img src=\"https:\/\/www.animaco.net\/wp-content\/uploads\/2024\/08\/animacoapic.jpg\" alt=\"Logo de Animaco.\"><\/p>","protected":false},"excerpt":{"rendered":"<p>\u00bfTe imaginas el impacto que podr\u00eda tener un holograma en tu pr\u00f3ximo stand en una feria comercial? Desde Animaco, no solo te lo imaginamos: te ayudamos a hacerlo realidad. Con&#8230;<\/p>","protected":false},"author":3,"featured_media":0,"comment_status":"open","ping_status":"open","sticky":false,"template":"","format":"standard","meta":[],"categories":[178],"tags":[387,191,124,1194,660,2445,2446,2753,2447,66,128,497,524,2448],"yoast_head":"<!-- This site is optimized with the Yoast SEO Premium plugin v16.9 (Yoast SEO v16.9) - https:\/\/yoast.com\/wordpress\/plugins\/seo\/ -->\n<title>Alquilar Hologramas para Ferias Comerciales - Animaco<\/title>\n<meta name=\"description\" content=\"Atrae visitantes a tu stand en ferias comerciales alquilando hologramas de \u00faltima generaci\u00f3n.\" \/>\n<meta name=\"robots\" content=\"index, follow, max-snippet:-1, max-image-preview:large, max-video-preview:-1\" \/>\n<link rel=\"canonical\" href=\"https:\/\/www.animaco.net\/en\/alquilar-hologramas-ferias-stand\/\" \/>\n<meta property=\"og:locale\" content=\"en_US\" \/>\n<meta property=\"og:type\" content=\"article\" \/>\n<meta property=\"og:title\" content=\"Alquilar Hologramas para Ferias Comerciales\" \/>\n<meta property=\"og:description\" content=\"Atrae visitantes a tu stand en ferias comerciales alquilando hologramas de \u00faltima generaci\u00f3n.\" \/>\n<meta property=\"og:url\" content=\"https:\/\/www.animaco.net\/en\/alquilar-hologramas-ferias-stand\/\" \/>\n<meta property=\"og:site_name\" content=\"Animaco\" \/>\n<meta property=\"article:publisher\" content=\"https:\/\/www.facebook.com\/Animaconet\" \/>\n<meta property=\"article:published_time\" content=\"2025-02-21T17:20:00+00:00\" \/>\n<meta property=\"article:modified_time\" content=\"2025-01-16T20:23:01+00:00\" \/>\n<meta property=\"og:image\" content=\"https:\/\/www.animaco.net\/wp-content\/uploads\/2024\/08\/2024-08-21_04-06-05.jpg\" \/>\n<meta name=\"twitter:card\" content=\"summary_large_image\" \/>\n<meta name=\"twitter:label1\" content=\"Written by\" \/>\n\t<meta name=\"twitter:data1\" content=\"Animaco\" \/>\n\t<meta name=\"twitter:label2\" content=\"Est. reading time\" \/>\n\t<meta name=\"twitter:data2\" content=\"3 minutes\" \/>\n<script type=\"application\/ld+json\" class=\"yoast-schema-graph\">{\"@context\":\"https:\/\/schema.org\",\"@graph\":[{\"@type\":\"Organization\",\"@id\":\"https:\/\/www.animaco.net\/#organization\",\"name\":\"Animaco\",\"url\":\"https:\/\/www.animaco.net\/\",\"sameAs\":[\"https:\/\/www.facebook.com\/Animaconet\",\"https:\/\/www.instagram.com\/animaconet\",\"https:\/\/www.linkedin.com\/company\/71689351\",\"https:\/\/www.youtube.com\/@AnimacoNett\"],\"logo\":{\"@type\":\"ImageObject\",\"@id\":\"https:\/\/www.animaco.net\/#logo\",\"inLanguage\":\"en-US\",\"url\":\"https:\/\/www.animaco.net\/wp-content\/uploads\/2018\/04\/animaco-logo-2017-min.png\",\"contentUrl\":\"https:\/\/www.animaco.net\/wp-content\/uploads\/2018\/04\/animaco-logo-2017-min.png\",\"width\":121,\"height\":34,\"caption\":\"Animaco\"},\"image\":{\"@id\":\"https:\/\/www.animaco.net\/#logo\"}},{\"@type\":\"WebSite\",\"@id\":\"https:\/\/www.animaco.net\/#website\",\"url\":\"https:\/\/www.animaco.net\/\",\"name\":\"Animaco\",\"description\":\"Animaco crea experiencias totalmente futuristas y desarrolla proyectos innovadores con el uso de nuevas tecnolog\\u00edas\",\"publisher\":{\"@id\":\"https:\/\/www.animaco.net\/#organization\"},\"potentialAction\":[{\"@type\":\"SearchAction\",\"target\":{\"@type\":\"EntryPoint\",\"urlTemplate\":\"https:\/\/www.animaco.net\/?s={search_term_string}\"},\"query-input\":\"required name=search_term_string\"}],\"inLanguage\":\"en-US\"},{\"@type\":\"ImageObject\",\"@id\":\"https:\/\/www.animaco.net\/alquilar-hologramas-ferias-stand\/#primaryimage\",\"inLanguage\":\"en-US\",\"url\":\"https:\/\/www.animaco.net\/wp-content\/uploads\/2024\/08\/2024-08-21_04-06-05.jpg\",\"contentUrl\":\"https:\/\/www.animaco.net\/wp-content\/uploads\/2024\/08\/2024-08-21_04-06-05.jpg\",\"width\":1980,\"height\":1288,\"caption\":\"Speaker en escenario hologr\\u00e1fico\"},{\"@type\":[\"WebPage\",\"ItemPage\"],\"@id\":\"https:\/\/www.animaco.net\/alquilar-hologramas-ferias-stand\/#webpage\",\"url\":\"https:\/\/www.animaco.net\/alquilar-hologramas-ferias-stand\/\",\"name\":\"Alquilar Hologramas para Ferias Comerciales - Animaco\",\"isPartOf\":{\"@id\":\"https:\/\/www.animaco.net\/#website\"},\"primaryImageOfPage\":{\"@id\":\"https:\/\/www.animaco.net\/alquilar-hologramas-ferias-stand\/#primaryimage\"},\"datePublished\":\"2025-02-21T17:20:00+00:00\",\"dateModified\":\"2025-01-16T20:23:01+00:00\",\"description\":\"Atrae visitantes a tu stand en ferias comerciales alquilando hologramas de \\u00faltima generaci\\u00f3n.\",\"breadcrumb\":{\"@id\":\"https:\/\/www.animaco.net\/alquilar-hologramas-ferias-stand\/#breadcrumb\"},\"inLanguage\":\"en-US\",\"potentialAction\":[{\"@type\":\"ReadAction\",\"target\":[\"https:\/\/www.animaco.net\/alquilar-hologramas-ferias-stand\/\"]}]},{\"@type\":\"BreadcrumbList\",\"@id\":\"https:\/\/www.animaco.net\/alquilar-hologramas-ferias-stand\/#breadcrumb\",\"itemListElement\":[{\"@type\":\"ListItem\",\"position\":1,\"name\":\"Inicio\",\"item\":\"https:\/\/www.animaco.net\/\"},{\"@type\":\"ListItem\",\"position\":2,\"name\":\"Hologramas\",\"item\":\"https:\/\/www.animaco.net\/category\/hologramas\/\"},{\"@type\":\"ListItem\",\"position\":3,\"name\":\"Alquilar Hologramas para Ferias Comerciales\"}]},{\"@type\":\"Article\",\"@id\":\"https:\/\/www.animaco.net\/alquilar-hologramas-ferias-stand\/#article\",\"isPartOf\":{\"@id\":\"https:\/\/www.animaco.net\/alquilar-hologramas-ferias-stand\/#webpage\"},\"author\":{\"@id\":\"https:\/\/www.animaco.net\/#\/schema\/person\/fae70956890529fc87db32536fb5ee0b\"},\"headline\":\"Alquilar Hologramas para Ferias Comerciales\",\"datePublished\":\"2025-02-21T17:20:00+00:00\",\"dateModified\":\"2025-01-16T20:23:01+00:00\",\"mainEntityOfPage\":{\"@id\":\"https:\/\/www.animaco.net\/alquilar-hologramas-ferias-stand\/#webpage\"},\"wordCount\":409,\"commentCount\":0,\"publisher\":{\"@id\":\"https:\/\/www.animaco.net\/#organization\"},\"image\":{\"@id\":\"https:\/\/www.animaco.net\/alquilar-hologramas-ferias-stand\/#primaryimage\"},\"thumbnailUrl\":\"https:\/\/www.animaco.net\/wp-content\/uploads\/2024\/08\/2024-08-21_04-06-05.jpg\",\"keywords\":[\"alquiler hologramas\",\"captaci\\u00f3n de atenci\\u00f3n\",\"cotizaci\\u00f3n hologramas\",\"escenario adaptable\",\"ferias comerciales\",\"fieston\",\"fieston holograma\",\"interacci\\u00f3n con asistentes\",\"janos holograma\",\"marco hologr\\u00e1fico\",\"M\\u00f3dulo Cubo\",\"personalizaci\\u00f3n hologramas\",\"stands innovadores\",\"visual magic holograma\"],\"articleSection\":[\"Hologramas\"],\"inLanguage\":\"en-US\",\"potentialAction\":[{\"@type\":\"CommentAction\",\"name\":\"Comment\",\"target\":[\"https:\/\/www.animaco.net\/alquilar-hologramas-ferias-stand\/#respond\"]}]},{\"@type\":\"Person\",\"@id\":\"https:\/\/www.animaco.net\/#\/schema\/person\/fae70956890529fc87db32536fb5ee0b\",\"name\":\"Animaco\",\"image\":{\"@type\":\"ImageObject\",\"@id\":\"https:\/\/www.animaco.net\/#personlogo\",\"inLanguage\":\"en-US\",\"url\":\"https:\/\/secure.gravatar.com\/avatar\/5b52c88852799c7afd8876740f0271db?s=96&d=mm&r=g\",\"contentUrl\":\"https:\/\/secure.gravatar.com\/avatar\/5b52c88852799c7afd8876740f0271db?s=96&d=mm&r=g\",\"caption\":\"Animaco\"},\"description\":\"Tecnolog\\u00edas Futuras\",\"sameAs\":[\"https:\/\/animaco.net\"]}]}<\/script>\n<!-- \/ Yoast SEO Premium plugin. -->","yoast_head_json":{"title":"Alquilar Hologramas para Ferias Comerciales - Animaco","description":"Atrae visitantes a tu stand en ferias comerciales alquilando hologramas de \u00faltima generaci\u00f3n.","robots":{"index":"index","follow":"follow","max-snippet":"max-snippet:-1","max-image-preview":"max-image-preview:large","max-video-preview":"max-video-preview:-1"},"canonical":"https:\/\/www.animaco.net\/en\/alquilar-hologramas-ferias-stand\/","og_locale":"en_US","og_type":"article","og_title":"Alquilar Hologramas para Ferias Comerciales","og_description":"Atrae visitantes a tu stand en ferias comerciales alquilando hologramas de \u00faltima generaci\u00f3n.","og_url":"https:\/\/www.animaco.net\/en\/alquilar-hologramas-ferias-stand\/","og_site_name":"Animaco","article_publisher":"https:\/\/www.facebook.com\/Animaconet","article_published_time":"2025-02-21T17:20:00+00:00","article_modified_time":"2025-01-16T20:23:01+00:00","og_image":[{"url":"https:\/\/www.animaco.net\/wp-content\/uploads\/2024\/08\/2024-08-21_04-06-05.jpg"}],"twitter_card":"summary_large_image","twitter_misc":{"Written by":"Animaco","Est. reading time":"3 minutes"},"schema":{"@context":"https:\/\/schema.org","@graph":[{"@type":"Organization","@id":"https:\/\/www.animaco.net\/#organization","name":"Animaco","url":"https:\/\/www.animaco.net\/","sameAs":["https:\/\/www.facebook.com\/Animaconet","https:\/\/www.instagram.com\/animaconet","https:\/\/www.linkedin.com\/company\/71689351","https:\/\/www.youtube.com\/@AnimacoNett"],"logo":{"@type":"ImageObject","@id":"https:\/\/www.animaco.net\/#logo","inLanguage":"en-US","url":"https:\/\/www.animaco.net\/wp-content\/uploads\/2018\/04\/animaco-logo-2017-min.png","contentUrl":"https:\/\/www.animaco.net\/wp-content\/uploads\/2018\/04\/animaco-logo-2017-min.png","width":121,"height":34,"caption":"Animaco"},"image":{"@id":"https:\/\/www.animaco.net\/#logo"}},{"@type":"WebSite","@id":"https:\/\/www.animaco.net\/#website","url":"https:\/\/www.animaco.net\/","name":"Animaco","description":"Animaco crea experiencias totalmente futuristas y desarrolla proyectos innovadores con el uso de nuevas tecnolog\u00edas","publisher":{"@id":"https:\/\/www.animaco.net\/#organization"},"potentialAction":[{"@type":"SearchAction","target":{"@type":"EntryPoint","urlTemplate":"https:\/\/www.animaco.net\/?s={search_term_string}"},"query-input":"required name=search_term_string"}],"inLanguage":"en-US"},{"@type":"ImageObject","@id":"https:\/\/www.animaco.net\/alquilar-hologramas-ferias-stand\/#primaryimage","inLanguage":"en-US","url":"https:\/\/www.animaco.net\/wp-content\/uploads\/2024\/08\/2024-08-21_04-06-05.jpg","contentUrl":"https:\/\/www.animaco.net\/wp-content\/uploads\/2024\/08\/2024-08-21_04-06-05.jpg","width":1980,"height":1288,"caption":"Speaker en escenario hologr\u00e1fico"},{"@type":["WebPage","ItemPage"],"@id":"https:\/\/www.animaco.net\/alquilar-hologramas-ferias-stand\/#webpage","url":"https:\/\/www.animaco.net\/alquilar-hologramas-ferias-stand\/","name":"Alquilar Hologramas para Ferias Comerciales - Animaco","isPartOf":{"@id":"https:\/\/www.animaco.net\/#website"},"primaryImageOfPage":{"@id":"https:\/\/www.animaco.net\/alquilar-hologramas-ferias-stand\/#primaryimage"},"datePublished":"2025-02-21T17:20:00+00:00","dateModified":"2025-01-16T20:23:01+00:00","description":"Atrae visitantes a tu stand en ferias comerciales alquilando hologramas de \u00faltima generaci\u00f3n.","breadcrumb":{"@id":"https:\/\/www.animaco.net\/alquilar-hologramas-ferias-stand\/#breadcrumb"},"inLanguage":"en-US","potentialAction":[{"@type":"ReadAction","target":["https:\/\/www.animaco.net\/alquilar-hologramas-ferias-stand\/"]}]},{"@type":"BreadcrumbList","@id":"https:\/\/www.animaco.net\/alquilar-hologramas-ferias-stand\/#breadcrumb","itemListElement":[{"@type":"ListItem","position":1,"name":"Inicio","item":"https:\/\/www.animaco.net\/"},{"@type":"ListItem","position":2,"name":"Hologramas","item":"https:\/\/www.animaco.net\/category\/hologramas\/"},{"@type":"ListItem","position":3,"name":"Alquilar Hologramas para Ferias Comerciales"}]},{"@type":"Article","@id":"https:\/\/www.animaco.net\/alquilar-hologramas-ferias-stand\/#article","isPartOf":{"@id":"https:\/\/www.animaco.net\/alquilar-hologramas-ferias-stand\/#webpage"},"author":{"@id":"https:\/\/www.animaco.net\/#\/schema\/person\/fae70956890529fc87db32536fb5ee0b"},"headline":"Alquilar Hologramas para Ferias Comerciales","datePublished":"2025-02-21T17:20:00+00:00","dateModified":"2025-01-16T20:23:01+00:00","mainEntityOfPage":{"@id":"https:\/\/www.animaco.net\/alquilar-hologramas-ferias-stand\/#webpage"},"wordCount":409,"commentCount":0,"publisher":{"@id":"https:\/\/www.animaco.net\/#organization"},"image":{"@id":"https:\/\/www.animaco.net\/alquilar-hologramas-ferias-stand\/#primaryimage"},"thumbnailUrl":"https:\/\/www.animaco.net\/wp-content\/uploads\/2024\/08\/2024-08-21_04-06-05.jpg","keywords":["alquiler hologramas","captaci\u00f3n de atenci\u00f3n","cotizaci\u00f3n hologramas","escenario adaptable","ferias comerciales","fieston","fieston holograma","interacci\u00f3n con asistentes","janos holograma","marco hologr\u00e1fico","M\u00f3dulo Cubo","personalizaci\u00f3n hologramas","stands innovadores","visual magic holograma"],"articleSection":["Hologramas"],"inLanguage":"en-US","potentialAction":[{"@type":"CommentAction","name":"Comment","target":["https:\/\/www.animaco.net\/alquilar-hologramas-ferias-stand\/#respond"]}]},{"@type":"Person","@id":"https:\/\/www.animaco.net\/#\/schema\/person\/fae70956890529fc87db32536fb5ee0b","name":"Animaco","image":{"@type":"ImageObject","@id":"https:\/\/www.animaco.net\/#personlogo","inLanguage":"en-US","url":"https:\/\/secure.gravatar.com\/avatar\/5b52c88852799c7afd8876740f0271db?s=96&d=mm&r=g","contentUrl":"https:\/\/secure.gravatar.com\/avatar\/5b52c88852799c7afd8876740f0271db?s=96&d=mm&r=g","caption":"Animaco"},"description":"Tecnolog\u00edas Futuras","sameAs":["https:\/\/animaco.net"]}]}},"_links":{"self":[{"href":"https:\/\/www.animaco.net\/en\/wp-json\/wp\/v2\/posts\/5551"}],"collection":[{"href":"https:\/\/www.animaco.net\/en\/wp-json\/wp\/v2\/posts"}],"about":[{"href":"https:\/\/www.animaco.net\/en\/wp-json\/wp\/v2\/types\/post"}],"author":[{"embeddable":true,"href":"https:\/\/www.animaco.net\/en\/wp-json\/wp\/v2\/users\/3"}],"replies":[{"embeddable":true,"href":"https:\/\/www.animaco.net\/en\/wp-json\/wp\/v2\/comments?post=5551"}],"version-history":[{"count":1,"href":"https:\/\/www.animaco.net\/en\/wp-json\/wp\/v2\/posts\/5551\/revisions"}],"predecessor-version":[{"id":6184,"href":"https:\/\/www.animaco.net\/en\/wp-json\/wp\/v2\/posts\/5551\/revisions\/6184"}],"wp:attachment":[{"href":"https:\/\/www.animaco.net\/en\/wp-json\/wp\/v2\/media?parent=5551"}],"wp:term":[{"taxonomy":"category","embeddable":true,"href":"https:\/\/www.animaco.net\/en\/wp-json\/wp\/v2\/categories?post=5551"},{"taxonomy":"post_tag","embeddable":true,"href":"https:\/\/www.animaco.net\/en\/wp-json\/wp\/v2\/tags?post=5551"}],"curies":[{"name":"wp","href":"https:\/\/api.w.org\/{rel}","templated":true}]}}