{"id":5580,"date":"2025-02-28T18:40:00","date_gmt":"2025-02-28T21:40:00","guid":{"rendered":"https:\/\/www.animaco.net\/?p=5580"},"modified":"2025-02-28T18:40:00","modified_gmt":"2025-02-28T21:40:00","slug":"hologramas-mendoza-ferias","status":"publish","type":"post","link":"https:\/\/www.animaco.net\/en\/hologramas-mendoza-ferias\/","title":{"rendered":"Hologramas interativos en Mendoza para Ferias"},"content":{"rendered":"<p>La provincia de Mendoza destaca por sus ferias y eventos llenos de innovaci\u00f3n y creatividad. Si est\u00e1s buscando la manera de captar la atenci\u00f3n de los visitantes y destacar por sobre el resto, los hologramas interactivos de Animaco son la soluci\u00f3n perfecta. Nuestra propuesta tecnol\u00f3gica no solo es visualmente impactante, sino que adem\u00e1s puede personalizarse para cada evento, feria o exposici\u00f3n.<\/p><p>Ofrecemos una variedad de modelos de hologramas perfectos para ferias, ideales para generar un contenido que no solo es atractivo, sino tambi\u00e9n informativo. Por ejemplo, el <b>Marco Hologr\u00e1fico<\/b> es una opci\u00f3n excelente para este tipo de eventos.<\/p>\n<iframe loading=\"lazy\" title=\"Presentadora Holografica para Gobierno de la Ciudad\" width=\"1080\" height=\"608\" src=\"https:\/\/www.youtube.com\/embed\/2YBfeL4WZGE?feature=oembed\" frameborder=\"0\" allow=\"accelerometer; autoplay; clipboard-write; encrypted-media; gyroscope; picture-in-picture; web-share\" referrerpolicy=\"strict-origin-when-cross-origin\" allowfullscreen><\/iframe>\n<p>Este dispositivo puede funcionar como presentadoras hologr\u00e1ficas, captando la atenci\u00f3n de todos los asistentes desde el primer momento. Imagina entrar a una feria y ser recibido por un holograma que no solo te interact\u00faa, sino tambi\u00e9n te gu\u00eda a trav\u00e9s de la experiencia que ofrece el evento.<\/p><p>Si tu objetivo es resaltar tus productos en una feria, los <b>Hologramas de Mesa<\/b> son lo que necesit\u00e1s. Gracias al <b>M\u00f3dulo Cubo<\/b>, es posible crear una experiencia de realidad aumentada que fusiona los objetos f\u00edsicos y las im\u00e1genes hologr\u00e1ficas, convirtiendo tu stand en el m\u00e1s atractivo.<\/p>\n<iframe loading=\"lazy\" title=\"Sistemas hologr\u00e1ficos en Expo Rural 2019\" width=\"1080\" height=\"608\" src=\"https:\/\/www.youtube.com\/embed\/tE9lHQU5TrY?feature=oembed\" frameborder=\"0\" allow=\"accelerometer; autoplay; clipboard-write; encrypted-media; gyroscope; picture-in-picture; web-share\" referrerpolicy=\"strict-origin-when-cross-origin\" allowfullscreen><\/iframe>\n<p>Adem\u00e1s, quienes ya nos eligen, como fue el caso de PSA en la Expo Rural, conf\u00edan en la tecnolog\u00eda que ofrecemos para mostrar sus productos de una forma innovadora.<\/p><p>Para ferias de gran tama\u00f1o, donde se busca impactar a un p\u00fablico masivo, los <b>Escenarios Hologr\u00e1ficos<\/b> se adaptan perfectamente. El <b>Escenario \u00cdntegro<\/b> es f\u00e1cil de armar y desarmar, permitiendo su movilidad entre diferentes lugares. Estas capacidades fueron aprovechadas en eventos como el Congreso del Bicentenario en el Hotel Intercontinental. Aqu\u00ed, la holograf\u00eda no solo captur\u00f3 la atenci\u00f3n del p\u00fablico, sino que tambi\u00e9n enriqueci\u00f3 la experiencia educativa de la exposici\u00f3n.<\/p>\n<iframe loading=\"lazy\" title=\"Escenario Hologr\u00e1fico | Congreso del bicentenario flebolinfo2016| @Hotel Internacional Buenos Aires\" width=\"1080\" height=\"608\" src=\"https:\/\/www.youtube.com\/embed\/xjtJzSyylXU?feature=oembed\" frameborder=\"0\" allow=\"accelerometer; autoplay; clipboard-write; encrypted-media; gyroscope; picture-in-picture; web-share\" referrerpolicy=\"strict-origin-when-cross-origin\" allowfullscreen><\/iframe>\n<p>En definitiva, incorporar hologramas interactivos en ferias es la manera ideal de fusionar innovaci\u00f3n y comunicaci\u00f3n efectiva. Atr\u00e9vete a desafiar lo convencional y convertir tu pr\u00f3xima participaci\u00f3n en algo memorable.<\/p><img src='https:\/\/www.animaco.net\/wp-content\/uploads\/2024\/08\/animaco-en-a24.jpg' alt='Cofundadores de Animaco'>","protected":false},"excerpt":{"rendered":"<p>La provincia de Mendoza destaca por sus ferias y eventos llenos de innovaci\u00f3n y creatividad. Si est\u00e1s buscando la manera de captar la atenci\u00f3n de los visitantes y destacar por&#8230;<\/p>","protected":false},"author":3,"featured_media":0,"comment_status":"open","ping_status":"open","sticky":false,"template":"","format":"standard","meta":[],"categories":[178],"tags":[109,112,2810,2445,2446,103,108,202,2447,66,128,325,127,2448],"yoast_head":"<!-- This site is optimized with the Yoast SEO Premium plugin v16.9 (Yoast SEO v16.9) - https:\/\/yoast.com\/wordpress\/plugins\/seo\/ -->\n<title>Hologramas interativos en Mendoza para Ferias - Animaco<\/title>\n<meta name=\"description\" content=\"Capta la atenci\u00f3n en ferias de Mendoza con hologramas interactivos.\" \/>\n<meta name=\"robots\" content=\"index, follow, max-snippet:-1, max-image-preview:large, max-video-preview:-1\" \/>\n<link rel=\"canonical\" href=\"https:\/\/www.animaco.net\/en\/hologramas-mendoza-ferias\/\" \/>\n<meta property=\"og:locale\" content=\"en_US\" \/>\n<meta property=\"og:type\" content=\"article\" \/>\n<meta property=\"og:title\" content=\"Hologramas interativos en Mendoza para Ferias\" \/>\n<meta property=\"og:description\" content=\"Capta la atenci\u00f3n en ferias de Mendoza con hologramas interactivos.\" \/>\n<meta property=\"og:url\" content=\"https:\/\/www.animaco.net\/en\/hologramas-mendoza-ferias\/\" \/>\n<meta property=\"og:site_name\" content=\"Animaco\" \/>\n<meta property=\"article:publisher\" content=\"https:\/\/www.facebook.com\/Animaconet\" \/>\n<meta property=\"article:published_time\" content=\"2025-02-28T21:40:00+00:00\" \/>\n<meta property=\"og:image\" content=\"https:\/\/www.animaco.net\/wp-content\/uploads\/2024\/08\/animaco-en-a24.jpg\" \/>\n<meta name=\"twitter:card\" content=\"summary_large_image\" \/>\n<meta name=\"twitter:label1\" content=\"Written by\" \/>\n\t<meta name=\"twitter:data1\" content=\"Animaco\" \/>\n\t<meta name=\"twitter:label2\" content=\"Est. reading time\" \/>\n\t<meta name=\"twitter:data2\" content=\"2 minutes\" \/>\n<script type=\"application\/ld+json\" class=\"yoast-schema-graph\">{\"@context\":\"https:\/\/schema.org\",\"@graph\":[{\"@type\":\"Organization\",\"@id\":\"https:\/\/www.animaco.net\/#organization\",\"name\":\"Animaco\",\"url\":\"https:\/\/www.animaco.net\/\",\"sameAs\":[\"https:\/\/www.facebook.com\/Animaconet\",\"https:\/\/www.instagram.com\/animaconet\",\"https:\/\/www.linkedin.com\/company\/71689351\",\"https:\/\/www.youtube.com\/@AnimacoNett\"],\"logo\":{\"@type\":\"ImageObject\",\"@id\":\"https:\/\/www.animaco.net\/#logo\",\"inLanguage\":\"en-US\",\"url\":\"https:\/\/www.animaco.net\/wp-content\/uploads\/2018\/04\/animaco-logo-2017-min.png\",\"contentUrl\":\"https:\/\/www.animaco.net\/wp-content\/uploads\/2018\/04\/animaco-logo-2017-min.png\",\"width\":121,\"height\":34,\"caption\":\"Animaco\"},\"image\":{\"@id\":\"https:\/\/www.animaco.net\/#logo\"}},{\"@type\":\"WebSite\",\"@id\":\"https:\/\/www.animaco.net\/#website\",\"url\":\"https:\/\/www.animaco.net\/\",\"name\":\"Animaco\",\"description\":\"Animaco crea experiencias totalmente futuristas y desarrolla proyectos innovadores con el uso de nuevas tecnolog\\u00edas\",\"publisher\":{\"@id\":\"https:\/\/www.animaco.net\/#organization\"},\"potentialAction\":[{\"@type\":\"SearchAction\",\"target\":{\"@type\":\"EntryPoint\",\"urlTemplate\":\"https:\/\/www.animaco.net\/?s={search_term_string}\"},\"query-input\":\"required name=search_term_string\"}],\"inLanguage\":\"en-US\"},{\"@type\":\"ImageObject\",\"@id\":\"https:\/\/www.animaco.net\/hologramas-mendoza-ferias\/#primaryimage\",\"inLanguage\":\"en-US\",\"url\":\"https:\/\/www.animaco.net\/wp-content\/uploads\/2024\/08\/animaco-en-a24.jpg\",\"contentUrl\":\"https:\/\/www.animaco.net\/wp-content\/uploads\/2024\/08\/animaco-en-a24.jpg\",\"width\":1500,\"height\":844,\"caption\":\"Marcelo y Tom\\u00e1s Trejo, co-fundadores de Animaco\"},{\"@type\":[\"WebPage\",\"ItemPage\"],\"@id\":\"https:\/\/www.animaco.net\/hologramas-mendoza-ferias\/#webpage\",\"url\":\"https:\/\/www.animaco.net\/hologramas-mendoza-ferias\/\",\"name\":\"Hologramas interativos en Mendoza para Ferias - Animaco\",\"isPartOf\":{\"@id\":\"https:\/\/www.animaco.net\/#website\"},\"primaryImageOfPage\":{\"@id\":\"https:\/\/www.animaco.net\/hologramas-mendoza-ferias\/#primaryimage\"},\"datePublished\":\"2025-02-28T21:40:00+00:00\",\"dateModified\":\"2025-02-28T21:40:00+00:00\",\"description\":\"Capta la atenci\\u00f3n en ferias de Mendoza con hologramas interactivos.\",\"breadcrumb\":{\"@id\":\"https:\/\/www.animaco.net\/hologramas-mendoza-ferias\/#breadcrumb\"},\"inLanguage\":\"en-US\",\"potentialAction\":[{\"@type\":\"ReadAction\",\"target\":[\"https:\/\/www.animaco.net\/hologramas-mendoza-ferias\/\"]}]},{\"@type\":\"BreadcrumbList\",\"@id\":\"https:\/\/www.animaco.net\/hologramas-mendoza-ferias\/#breadcrumb\",\"itemListElement\":[{\"@type\":\"ListItem\",\"position\":1,\"name\":\"Inicio\",\"item\":\"https:\/\/www.animaco.net\/\"},{\"@type\":\"ListItem\",\"position\":2,\"name\":\"Hologramas\",\"item\":\"https:\/\/www.animaco.net\/category\/hologramas\/\"},{\"@type\":\"ListItem\",\"position\":3,\"name\":\"Hologramas interativos en Mendoza para Ferias\"}]},{\"@type\":\"Article\",\"@id\":\"https:\/\/www.animaco.net\/hologramas-mendoza-ferias\/#article\",\"isPartOf\":{\"@id\":\"https:\/\/www.animaco.net\/hologramas-mendoza-ferias\/#webpage\"},\"author\":{\"@id\":\"https:\/\/www.animaco.net\/#\/schema\/person\/fae70956890529fc87db32536fb5ee0b\"},\"headline\":\"Hologramas interativos en Mendoza para Ferias\",\"datePublished\":\"2025-02-28T21:40:00+00:00\",\"dateModified\":\"2025-02-28T21:40:00+00:00\",\"mainEntityOfPage\":{\"@id\":\"https:\/\/www.animaco.net\/hologramas-mendoza-ferias\/#webpage\"},\"wordCount\":379,\"commentCount\":0,\"publisher\":{\"@id\":\"https:\/\/www.animaco.net\/#organization\"},\"image\":{\"@id\":\"https:\/\/www.animaco.net\/hologramas-mendoza-ferias\/#primaryimage\"},\"thumbnailUrl\":\"https:\/\/www.animaco.net\/wp-content\/uploads\/2024\/08\/animaco-en-a24.jpg\",\"keywords\":[\"escenarios hologr\\u00e1ficos\",\"exposiciones\",\"ferias en Mendoza\",\"fieston\",\"fieston holograma\",\"hologramas interactivos\",\"impacto visual\",\"innovaci\\u00f3n\",\"janos holograma\",\"marco hologr\\u00e1fico\",\"M\\u00f3dulo Cubo\",\"personalizaci\\u00f3n\",\"realidad aumentada\",\"visual magic holograma\"],\"articleSection\":[\"Hologramas\"],\"inLanguage\":\"en-US\",\"potentialAction\":[{\"@type\":\"CommentAction\",\"name\":\"Comment\",\"target\":[\"https:\/\/www.animaco.net\/hologramas-mendoza-ferias\/#respond\"]}]},{\"@type\":\"Person\",\"@id\":\"https:\/\/www.animaco.net\/#\/schema\/person\/fae70956890529fc87db32536fb5ee0b\",\"name\":\"Animaco\",\"image\":{\"@type\":\"ImageObject\",\"@id\":\"https:\/\/www.animaco.net\/#personlogo\",\"inLanguage\":\"en-US\",\"url\":\"https:\/\/secure.gravatar.com\/avatar\/5b52c88852799c7afd8876740f0271db?s=96&d=mm&r=g\",\"contentUrl\":\"https:\/\/secure.gravatar.com\/avatar\/5b52c88852799c7afd8876740f0271db?s=96&d=mm&r=g\",\"caption\":\"Animaco\"},\"description\":\"Tecnolog\\u00edas Futuras\",\"sameAs\":[\"https:\/\/animaco.net\"]}]}<\/script>\n<!-- \/ Yoast SEO Premium plugin. -->","yoast_head_json":{"title":"Hologramas interativos en Mendoza para Ferias - Animaco","description":"Capta la atenci\u00f3n en ferias de Mendoza con hologramas interactivos.","robots":{"index":"index","follow":"follow","max-snippet":"max-snippet:-1","max-image-preview":"max-image-preview:large","max-video-preview":"max-video-preview:-1"},"canonical":"https:\/\/www.animaco.net\/en\/hologramas-mendoza-ferias\/","og_locale":"en_US","og_type":"article","og_title":"Hologramas interativos en Mendoza para Ferias","og_description":"Capta la atenci\u00f3n en ferias de Mendoza con hologramas interactivos.","og_url":"https:\/\/www.animaco.net\/en\/hologramas-mendoza-ferias\/","og_site_name":"Animaco","article_publisher":"https:\/\/www.facebook.com\/Animaconet","article_published_time":"2025-02-28T21:40:00+00:00","og_image":[{"url":"https:\/\/www.animaco.net\/wp-content\/uploads\/2024\/08\/animaco-en-a24.jpg"}],"twitter_card":"summary_large_image","twitter_misc":{"Written by":"Animaco","Est. reading time":"2 minutes"},"schema":{"@context":"https:\/\/schema.org","@graph":[{"@type":"Organization","@id":"https:\/\/www.animaco.net\/#organization","name":"Animaco","url":"https:\/\/www.animaco.net\/","sameAs":["https:\/\/www.facebook.com\/Animaconet","https:\/\/www.instagram.com\/animaconet","https:\/\/www.linkedin.com\/company\/71689351","https:\/\/www.youtube.com\/@AnimacoNett"],"logo":{"@type":"ImageObject","@id":"https:\/\/www.animaco.net\/#logo","inLanguage":"en-US","url":"https:\/\/www.animaco.net\/wp-content\/uploads\/2018\/04\/animaco-logo-2017-min.png","contentUrl":"https:\/\/www.animaco.net\/wp-content\/uploads\/2018\/04\/animaco-logo-2017-min.png","width":121,"height":34,"caption":"Animaco"},"image":{"@id":"https:\/\/www.animaco.net\/#logo"}},{"@type":"WebSite","@id":"https:\/\/www.animaco.net\/#website","url":"https:\/\/www.animaco.net\/","name":"Animaco","description":"Animaco crea experiencias totalmente futuristas y desarrolla proyectos innovadores con el uso de nuevas tecnolog\u00edas","publisher":{"@id":"https:\/\/www.animaco.net\/#organization"},"potentialAction":[{"@type":"SearchAction","target":{"@type":"EntryPoint","urlTemplate":"https:\/\/www.animaco.net\/?s={search_term_string}"},"query-input":"required name=search_term_string"}],"inLanguage":"en-US"},{"@type":"ImageObject","@id":"https:\/\/www.animaco.net\/hologramas-mendoza-ferias\/#primaryimage","inLanguage":"en-US","url":"https:\/\/www.animaco.net\/wp-content\/uploads\/2024\/08\/animaco-en-a24.jpg","contentUrl":"https:\/\/www.animaco.net\/wp-content\/uploads\/2024\/08\/animaco-en-a24.jpg","width":1500,"height":844,"caption":"Marcelo y Tom\u00e1s Trejo, co-fundadores de Animaco"},{"@type":["WebPage","ItemPage"],"@id":"https:\/\/www.animaco.net\/hologramas-mendoza-ferias\/#webpage","url":"https:\/\/www.animaco.net\/hologramas-mendoza-ferias\/","name":"Hologramas interativos en Mendoza para Ferias - Animaco","isPartOf":{"@id":"https:\/\/www.animaco.net\/#website"},"primaryImageOfPage":{"@id":"https:\/\/www.animaco.net\/hologramas-mendoza-ferias\/#primaryimage"},"datePublished":"2025-02-28T21:40:00+00:00","dateModified":"2025-02-28T21:40:00+00:00","description":"Capta la atenci\u00f3n en ferias de Mendoza con hologramas interactivos.","breadcrumb":{"@id":"https:\/\/www.animaco.net\/hologramas-mendoza-ferias\/#breadcrumb"},"inLanguage":"en-US","potentialAction":[{"@type":"ReadAction","target":["https:\/\/www.animaco.net\/hologramas-mendoza-ferias\/"]}]},{"@type":"BreadcrumbList","@id":"https:\/\/www.animaco.net\/hologramas-mendoza-ferias\/#breadcrumb","itemListElement":[{"@type":"ListItem","position":1,"name":"Inicio","item":"https:\/\/www.animaco.net\/"},{"@type":"ListItem","position":2,"name":"Hologramas","item":"https:\/\/www.animaco.net\/category\/hologramas\/"},{"@type":"ListItem","position":3,"name":"Hologramas interativos en Mendoza para Ferias"}]},{"@type":"Article","@id":"https:\/\/www.animaco.net\/hologramas-mendoza-ferias\/#article","isPartOf":{"@id":"https:\/\/www.animaco.net\/hologramas-mendoza-ferias\/#webpage"},"author":{"@id":"https:\/\/www.animaco.net\/#\/schema\/person\/fae70956890529fc87db32536fb5ee0b"},"headline":"Hologramas interativos en Mendoza para Ferias","datePublished":"2025-02-28T21:40:00+00:00","dateModified":"2025-02-28T21:40:00+00:00","mainEntityOfPage":{"@id":"https:\/\/www.animaco.net\/hologramas-mendoza-ferias\/#webpage"},"wordCount":379,"commentCount":0,"publisher":{"@id":"https:\/\/www.animaco.net\/#organization"},"image":{"@id":"https:\/\/www.animaco.net\/hologramas-mendoza-ferias\/#primaryimage"},"thumbnailUrl":"https:\/\/www.animaco.net\/wp-content\/uploads\/2024\/08\/animaco-en-a24.jpg","keywords":["escenarios hologr\u00e1ficos","exposiciones","ferias en Mendoza","fieston","fieston holograma","hologramas interactivos","impacto visual","innovaci\u00f3n","janos holograma","marco hologr\u00e1fico","M\u00f3dulo Cubo","personalizaci\u00f3n","realidad aumentada","visual magic holograma"],"articleSection":["Hologramas"],"inLanguage":"en-US","potentialAction":[{"@type":"CommentAction","name":"Comment","target":["https:\/\/www.animaco.net\/hologramas-mendoza-ferias\/#respond"]}]},{"@type":"Person","@id":"https:\/\/www.animaco.net\/#\/schema\/person\/fae70956890529fc87db32536fb5ee0b","name":"Animaco","image":{"@type":"ImageObject","@id":"https:\/\/www.animaco.net\/#personlogo","inLanguage":"en-US","url":"https:\/\/secure.gravatar.com\/avatar\/5b52c88852799c7afd8876740f0271db?s=96&d=mm&r=g","contentUrl":"https:\/\/secure.gravatar.com\/avatar\/5b52c88852799c7afd8876740f0271db?s=96&d=mm&r=g","caption":"Animaco"},"description":"Tecnolog\u00edas Futuras","sameAs":["https:\/\/animaco.net"]}]}},"_links":{"self":[{"href":"https:\/\/www.animaco.net\/en\/wp-json\/wp\/v2\/posts\/5580"}],"collection":[{"href":"https:\/\/www.animaco.net\/en\/wp-json\/wp\/v2\/posts"}],"about":[{"href":"https:\/\/www.animaco.net\/en\/wp-json\/wp\/v2\/types\/post"}],"author":[{"embeddable":true,"href":"https:\/\/www.animaco.net\/en\/wp-json\/wp\/v2\/users\/3"}],"replies":[{"embeddable":true,"href":"https:\/\/www.animaco.net\/en\/wp-json\/wp\/v2\/comments?post=5580"}],"version-history":[{"count":0,"href":"https:\/\/www.animaco.net\/en\/wp-json\/wp\/v2\/posts\/5580\/revisions"}],"wp:attachment":[{"href":"https:\/\/www.animaco.net\/en\/wp-json\/wp\/v2\/media?parent=5580"}],"wp:term":[{"taxonomy":"category","embeddable":true,"href":"https:\/\/www.animaco.net\/en\/wp-json\/wp\/v2\/categories?post=5580"},{"taxonomy":"post_tag","embeddable":true,"href":"https:\/\/www.animaco.net\/en\/wp-json\/wp\/v2\/tags?post=5580"}],"curies":[{"name":"wp","href":"https:\/\/api.w.org\/{rel}","templated":true}]}}