{"id":5771,"date":"2025-04-17T14:20:00","date_gmt":"2025-04-17T17:20:00","guid":{"rendered":"https:\/\/www.animaco.net\/?p=5771"},"modified":"2025-04-17T14:20:00","modified_gmt":"2025-04-17T17:20:00","slug":"hologramas-ferias-tecnologia-la-plata","status":"publish","type":"post","link":"https:\/\/www.animaco.net\/en\/hologramas-ferias-tecnologia-la-plata\/","title":{"rendered":"Hologramas para Ferias de Tecnolog\u00eda en La Plata"},"content":{"rendered":"<p>Las ferias de tecnolog\u00eda son el escenario perfecto para desplegar innovaci\u00f3n y captar la atenci\u00f3n del p\u00fablico, y los **hologramas** son una herramienta ideal para lograrlo. En La Plata, ciudad que se destaca por su fuerte v\u00ednculo con la educaci\u00f3n y la innovaci\u00f3n tecnol\u00f3gica, los hologramas se est\u00e1n convirtiendo en un recurso cada vez m\u00e1s solicitado para hacer brillar cualquier exposici\u00f3n o stand. Estos dispositivos no solo son capaces de mostrar objetos de manera tridimensional, sino que tambi\u00e9n interact\u00faan con el entorno para proporcionar experiencias inmersivas.<\/p><p>Los equipos de hologramas de **Animaco** ofrecen una amplia versatilidad, especialmente destacados son el M\u00f3dulo Cubo y el M\u00f3dulo Zeta, cuyas caracter\u00edsticas los convierten en los favoritos para eventos en ferias de tecnolog\u00eda debido a su facilidad de transporte y montaje.<\/p><figure class='wp-block-video'><video autoplay loop muted preload='auto' src='https:\/\/www.animaco.net\/wp-content\/uploads\/2025\/01\/modulo.webm'><\/video><\/figure><ul><li><b>M\u00f3dulo Cubo:<\/b> Su forma c\u00fabica rectangular con visualizaci\u00f3n desde el frente lo hace ideal para mesas de exposici\u00f3n. Este modelo es perfecto para situaciones donde se requiera mostrar un producto o logo dentro de un peque\u00f1o espacio, creando una fusi\u00f3n entre lo f\u00edsico y digital de manera impactante.<\/li><\/ul>\n<iframe loading=\"lazy\" title=\"M\u00f3dulo Hologr\u00e1fico MD02 | Servicio de flebolinfolog\u00eda | @Fundaci\u00f3n Favaloro\" width=\"1080\" height=\"608\" src=\"https:\/\/www.youtube.com\/embed\/ARQ3nENxZZI?feature=oembed\" frameborder=\"0\" allow=\"accelerometer; autoplay; clipboard-write; encrypted-media; gyroscope; picture-in-picture; web-share\" referrerpolicy=\"strict-origin-when-cross-origin\" allowfullscreen><\/iframe>\n<ul><li><b>M\u00f3dulo Zeta:<\/b> Con una est\u00e9tica futurista y un dise\u00f1o en Z, este dispositivo ofrece un \u00e1ngulo de visi\u00f3n ampliado, permitiendo ver hologramas desde m\u00faltiples perspectivas sin obstrucciones laterales. Es ideal para exhibir productos tecnol\u00f3gicamente avanzados donde la imagen de modernidad es fundamental.<\/li><\/ul>\n<iframe loading=\"lazy\" title=\"Holografia Portable - Animaco en Digital Summit 2018\" width=\"1080\" height=\"608\" src=\"https:\/\/www.youtube.com\/embed\/ZcQnIu7lGPs?feature=oembed\" frameborder=\"0\" allow=\"accelerometer; autoplay; clipboard-write; encrypted-media; gyroscope; picture-in-picture; web-share\" referrerpolicy=\"strict-origin-when-cross-origin\" allowfullscreen><\/iframe>\n<p>Las posibilidades no terminan ah\u00ed. Tanto el Marco Hologr\u00e1fico como la Silueta Hologr\u00e1fica tambi\u00e9n se destacan para usos espec\u00edficos dentro de eventos masivos, donde la presencia imponente de un holograma puede hacer la diferencia entre un stand com\u00fan y uno que realmente capture la esencia de la innovaci\u00f3n.<\/p><p>Si pens\u00e1s en la capacidad de los hologramas m\u00e1s all\u00e1 de simplemente mostrar productos, consider\u00e1 la interacci\u00f3n que pueden ofrecer. Un holograma de bienvenida al estilo del **Marco Hologr\u00e1fico**, como el que usamos para el Gobierno de la Ciudad de Buenos Aires, crea un saludo inolvidable y puede incluir presentaciones en vivo que sorprendan a los asistentes.<\/p>\n<iframe loading=\"lazy\" title=\"Presentadora Holografica para Gobierno de la Ciudad\" width=\"1080\" height=\"608\" src=\"https:\/\/www.youtube.com\/embed\/2YBfeL4WZGE?feature=oembed\" frameborder=\"0\" allow=\"accelerometer; autoplay; clipboard-write; encrypted-media; gyroscope; picture-in-picture; web-share\" referrerpolicy=\"strict-origin-when-cross-origin\" allowfullscreen><\/iframe>\n<p>Para ferias de tecnolog\u00eda en La Plata, o cualquier otra exposici\u00f3n, los hologramas de **Animaco** no solo embellecen el evento, sino que son una muestra concreta del avance tecnol\u00f3gico y del poder de la innovaci\u00f3n. Si est\u00e1 interesado en saber m\u00e1s o solicitar una cotizaci\u00f3n, estaremos encantados de ayudarte a llevar tus ideas al pr\u00f3ximo nivel.<\/p><img src='https:\/\/www.animaco.net\/wp-content\/uploads\/2024\/08\/animacoapic.jpg' alt='logo Animaco'>","protected":false},"excerpt":{"rendered":"<p>Las ferias de tecnolog\u00eda son el escenario perfecto para desplegar innovaci\u00f3n y captar la atenci\u00f3n del p\u00fablico, y los **hologramas** son una herramienta ideal para lograrlo. En La Plata, ciudad&#8230;<\/p>","protected":false},"author":3,"featured_media":0,"comment_status":"open","ping_status":"open","sticky":false,"template":"","format":"standard","meta":[],"categories":[178],"tags":[550,951,2445,2446,379,2925,345,2447,2522,66,128,129,3147,2448],"yoast_head":"<!-- This site is optimized with the Yoast SEO Premium plugin v16.9 (Yoast SEO v16.9) - https:\/\/yoast.com\/wordpress\/plugins\/seo\/ -->\n<title>Hologramas para Ferias de Tecnolog\u00eda en La Plata - Animaco<\/title>\n<meta name=\"description\" content=\"Destaca en ferias tecnol\u00f3gicas con nuestros hologramas sorprendentes y futuristas.\" \/>\n<meta name=\"robots\" content=\"index, follow, max-snippet:-1, max-image-preview:large, max-video-preview:-1\" \/>\n<link rel=\"canonical\" href=\"https:\/\/www.animaco.net\/en\/hologramas-ferias-tecnologia-la-plata\/\" \/>\n<meta property=\"og:locale\" content=\"en_US\" \/>\n<meta property=\"og:type\" content=\"article\" \/>\n<meta property=\"og:title\" content=\"Hologramas para Ferias de Tecnolog\u00eda en La Plata\" \/>\n<meta property=\"og:description\" content=\"Destaca en ferias tecnol\u00f3gicas con nuestros hologramas sorprendentes y futuristas.\" \/>\n<meta property=\"og:url\" content=\"https:\/\/www.animaco.net\/en\/hologramas-ferias-tecnologia-la-plata\/\" \/>\n<meta property=\"og:site_name\" content=\"Animaco\" \/>\n<meta property=\"article:publisher\" content=\"https:\/\/www.facebook.com\/Animaconet\" \/>\n<meta property=\"article:published_time\" content=\"2025-04-17T17:20:00+00:00\" \/>\n<meta property=\"og:image\" content=\"https:\/\/www.animaco.net\/wp-content\/uploads\/2024\/08\/animacoapic.jpg\" \/>\n<meta name=\"twitter:card\" content=\"summary_large_image\" \/>\n<meta name=\"twitter:label1\" content=\"Written by\" \/>\n\t<meta name=\"twitter:data1\" content=\"Animaco\" \/>\n\t<meta name=\"twitter:label2\" content=\"Est. reading time\" \/>\n\t<meta name=\"twitter:data2\" content=\"2 minutes\" \/>\n<script type=\"application\/ld+json\" class=\"yoast-schema-graph\">{\"@context\":\"https:\/\/schema.org\",\"@graph\":[{\"@type\":\"Organization\",\"@id\":\"https:\/\/www.animaco.net\/#organization\",\"name\":\"Animaco\",\"url\":\"https:\/\/www.animaco.net\/\",\"sameAs\":[\"https:\/\/www.facebook.com\/Animaconet\",\"https:\/\/www.instagram.com\/animaconet\",\"https:\/\/www.linkedin.com\/company\/71689351\",\"https:\/\/www.youtube.com\/@AnimacoNett\"],\"logo\":{\"@type\":\"ImageObject\",\"@id\":\"https:\/\/www.animaco.net\/#logo\",\"inLanguage\":\"en-US\",\"url\":\"https:\/\/www.animaco.net\/wp-content\/uploads\/2018\/04\/animaco-logo-2017-min.png\",\"contentUrl\":\"https:\/\/www.animaco.net\/wp-content\/uploads\/2018\/04\/animaco-logo-2017-min.png\",\"width\":121,\"height\":34,\"caption\":\"Animaco\"},\"image\":{\"@id\":\"https:\/\/www.animaco.net\/#logo\"}},{\"@type\":\"WebSite\",\"@id\":\"https:\/\/www.animaco.net\/#website\",\"url\":\"https:\/\/www.animaco.net\/\",\"name\":\"Animaco\",\"description\":\"Animaco crea experiencias totalmente futuristas y desarrolla proyectos innovadores con el uso de nuevas tecnolog\\u00edas\",\"publisher\":{\"@id\":\"https:\/\/www.animaco.net\/#organization\"},\"potentialAction\":[{\"@type\":\"SearchAction\",\"target\":{\"@type\":\"EntryPoint\",\"urlTemplate\":\"https:\/\/www.animaco.net\/?s={search_term_string}\"},\"query-input\":\"required name=search_term_string\"}],\"inLanguage\":\"en-US\"},{\"@type\":\"ImageObject\",\"@id\":\"https:\/\/www.animaco.net\/hologramas-ferias-tecnologia-la-plata\/#primaryimage\",\"inLanguage\":\"en-US\",\"url\":\"https:\/\/www.animaco.net\/wp-content\/uploads\/2024\/08\/animacoapic.jpg\",\"contentUrl\":\"https:\/\/www.animaco.net\/wp-content\/uploads\/2024\/08\/animacoapic.jpg\",\"width\":2500,\"height\":1667,\"caption\":\"Holograma de escenario gigante\"},{\"@type\":[\"WebPage\",\"ItemPage\"],\"@id\":\"https:\/\/www.animaco.net\/hologramas-ferias-tecnologia-la-plata\/#webpage\",\"url\":\"https:\/\/www.animaco.net\/hologramas-ferias-tecnologia-la-plata\/\",\"name\":\"Hologramas para Ferias de Tecnolog\\u00eda en La Plata - Animaco\",\"isPartOf\":{\"@id\":\"https:\/\/www.animaco.net\/#website\"},\"primaryImageOfPage\":{\"@id\":\"https:\/\/www.animaco.net\/hologramas-ferias-tecnologia-la-plata\/#primaryimage\"},\"datePublished\":\"2025-04-17T17:20:00+00:00\",\"dateModified\":\"2025-04-17T17:20:00+00:00\",\"description\":\"Destaca en ferias tecnol\\u00f3gicas con nuestros hologramas sorprendentes y futuristas.\",\"breadcrumb\":{\"@id\":\"https:\/\/www.animaco.net\/hologramas-ferias-tecnologia-la-plata\/#breadcrumb\"},\"inLanguage\":\"en-US\",\"potentialAction\":[{\"@type\":\"ReadAction\",\"target\":[\"https:\/\/www.animaco.net\/hologramas-ferias-tecnologia-la-plata\/\"]}]},{\"@type\":\"BreadcrumbList\",\"@id\":\"https:\/\/www.animaco.net\/hologramas-ferias-tecnologia-la-plata\/#breadcrumb\",\"itemListElement\":[{\"@type\":\"ListItem\",\"position\":1,\"name\":\"Inicio\",\"item\":\"https:\/\/www.animaco.net\/\"},{\"@type\":\"ListItem\",\"position\":2,\"name\":\"Hologramas\",\"item\":\"https:\/\/www.animaco.net\/category\/hologramas\/\"},{\"@type\":\"ListItem\",\"position\":3,\"name\":\"Hologramas para Ferias de Tecnolog\\u00eda en La Plata\"}]},{\"@type\":\"Article\",\"@id\":\"https:\/\/www.animaco.net\/hologramas-ferias-tecnologia-la-plata\/#article\",\"isPartOf\":{\"@id\":\"https:\/\/www.animaco.net\/hologramas-ferias-tecnologia-la-plata\/#webpage\"},\"author\":{\"@id\":\"https:\/\/www.animaco.net\/#\/schema\/person\/fae70956890529fc87db32536fb5ee0b\"},\"headline\":\"Hologramas para Ferias de Tecnolog\\u00eda en La Plata\",\"datePublished\":\"2025-04-17T17:20:00+00:00\",\"dateModified\":\"2025-04-17T17:20:00+00:00\",\"mainEntityOfPage\":{\"@id\":\"https:\/\/www.animaco.net\/hologramas-ferias-tecnologia-la-plata\/#webpage\"},\"wordCount\":449,\"commentCount\":0,\"publisher\":{\"@id\":\"https:\/\/www.animaco.net\/#organization\"},\"image\":{\"@id\":\"https:\/\/www.animaco.net\/hologramas-ferias-tecnologia-la-plata\/#primaryimage\"},\"thumbnailUrl\":\"https:\/\/www.animaco.net\/wp-content\/uploads\/2024\/08\/animacoapic.jpg\",\"keywords\":[\"exhibici\\u00f3n interactiva\",\"Ferias de tecnolog\\u00eda\",\"fieston\",\"fieston holograma\",\"hologramas para ferias\",\"innovaci\\u00f3n hologr\\u00e1fica\",\"interacci\\u00f3n hologr\\u00e1fica\",\"janos holograma\",\"La Plata\",\"marco hologr\\u00e1fico\",\"M\\u00f3dulo Cubo\",\"M\\u00f3dulo Zeta\",\"stand de tecnolog\\u00eda\",\"visual magic holograma\"],\"articleSection\":[\"Hologramas\"],\"inLanguage\":\"en-US\",\"potentialAction\":[{\"@type\":\"CommentAction\",\"name\":\"Comment\",\"target\":[\"https:\/\/www.animaco.net\/hologramas-ferias-tecnologia-la-plata\/#respond\"]}]},{\"@type\":\"Person\",\"@id\":\"https:\/\/www.animaco.net\/#\/schema\/person\/fae70956890529fc87db32536fb5ee0b\",\"name\":\"Animaco\",\"image\":{\"@type\":\"ImageObject\",\"@id\":\"https:\/\/www.animaco.net\/#personlogo\",\"inLanguage\":\"en-US\",\"url\":\"https:\/\/secure.gravatar.com\/avatar\/5b52c88852799c7afd8876740f0271db?s=96&d=mm&r=g\",\"contentUrl\":\"https:\/\/secure.gravatar.com\/avatar\/5b52c88852799c7afd8876740f0271db?s=96&d=mm&r=g\",\"caption\":\"Animaco\"},\"description\":\"Tecnolog\\u00edas Futuras\",\"sameAs\":[\"https:\/\/animaco.net\"]}]}<\/script>\n<!-- \/ Yoast SEO Premium plugin. -->","yoast_head_json":{"title":"Hologramas para Ferias de Tecnolog\u00eda en La Plata - Animaco","description":"Destaca en ferias tecnol\u00f3gicas con nuestros hologramas sorprendentes y futuristas.","robots":{"index":"index","follow":"follow","max-snippet":"max-snippet:-1","max-image-preview":"max-image-preview:large","max-video-preview":"max-video-preview:-1"},"canonical":"https:\/\/www.animaco.net\/en\/hologramas-ferias-tecnologia-la-plata\/","og_locale":"en_US","og_type":"article","og_title":"Hologramas para Ferias de Tecnolog\u00eda en La Plata","og_description":"Destaca en ferias tecnol\u00f3gicas con nuestros hologramas sorprendentes y futuristas.","og_url":"https:\/\/www.animaco.net\/en\/hologramas-ferias-tecnologia-la-plata\/","og_site_name":"Animaco","article_publisher":"https:\/\/www.facebook.com\/Animaconet","article_published_time":"2025-04-17T17:20:00+00:00","og_image":[{"url":"https:\/\/www.animaco.net\/wp-content\/uploads\/2024\/08\/animacoapic.jpg"}],"twitter_card":"summary_large_image","twitter_misc":{"Written by":"Animaco","Est. reading time":"2 minutes"},"schema":{"@context":"https:\/\/schema.org","@graph":[{"@type":"Organization","@id":"https:\/\/www.animaco.net\/#organization","name":"Animaco","url":"https:\/\/www.animaco.net\/","sameAs":["https:\/\/www.facebook.com\/Animaconet","https:\/\/www.instagram.com\/animaconet","https:\/\/www.linkedin.com\/company\/71689351","https:\/\/www.youtube.com\/@AnimacoNett"],"logo":{"@type":"ImageObject","@id":"https:\/\/www.animaco.net\/#logo","inLanguage":"en-US","url":"https:\/\/www.animaco.net\/wp-content\/uploads\/2018\/04\/animaco-logo-2017-min.png","contentUrl":"https:\/\/www.animaco.net\/wp-content\/uploads\/2018\/04\/animaco-logo-2017-min.png","width":121,"height":34,"caption":"Animaco"},"image":{"@id":"https:\/\/www.animaco.net\/#logo"}},{"@type":"WebSite","@id":"https:\/\/www.animaco.net\/#website","url":"https:\/\/www.animaco.net\/","name":"Animaco","description":"Animaco crea experiencias totalmente futuristas y desarrolla proyectos innovadores con el uso de nuevas tecnolog\u00edas","publisher":{"@id":"https:\/\/www.animaco.net\/#organization"},"potentialAction":[{"@type":"SearchAction","target":{"@type":"EntryPoint","urlTemplate":"https:\/\/www.animaco.net\/?s={search_term_string}"},"query-input":"required name=search_term_string"}],"inLanguage":"en-US"},{"@type":"ImageObject","@id":"https:\/\/www.animaco.net\/hologramas-ferias-tecnologia-la-plata\/#primaryimage","inLanguage":"en-US","url":"https:\/\/www.animaco.net\/wp-content\/uploads\/2024\/08\/animacoapic.jpg","contentUrl":"https:\/\/www.animaco.net\/wp-content\/uploads\/2024\/08\/animacoapic.jpg","width":2500,"height":1667,"caption":"Holograma de escenario gigante"},{"@type":["WebPage","ItemPage"],"@id":"https:\/\/www.animaco.net\/hologramas-ferias-tecnologia-la-plata\/#webpage","url":"https:\/\/www.animaco.net\/hologramas-ferias-tecnologia-la-plata\/","name":"Hologramas para Ferias de Tecnolog\u00eda en La Plata - Animaco","isPartOf":{"@id":"https:\/\/www.animaco.net\/#website"},"primaryImageOfPage":{"@id":"https:\/\/www.animaco.net\/hologramas-ferias-tecnologia-la-plata\/#primaryimage"},"datePublished":"2025-04-17T17:20:00+00:00","dateModified":"2025-04-17T17:20:00+00:00","description":"Destaca en ferias tecnol\u00f3gicas con nuestros hologramas sorprendentes y futuristas.","breadcrumb":{"@id":"https:\/\/www.animaco.net\/hologramas-ferias-tecnologia-la-plata\/#breadcrumb"},"inLanguage":"en-US","potentialAction":[{"@type":"ReadAction","target":["https:\/\/www.animaco.net\/hologramas-ferias-tecnologia-la-plata\/"]}]},{"@type":"BreadcrumbList","@id":"https:\/\/www.animaco.net\/hologramas-ferias-tecnologia-la-plata\/#breadcrumb","itemListElement":[{"@type":"ListItem","position":1,"name":"Inicio","item":"https:\/\/www.animaco.net\/"},{"@type":"ListItem","position":2,"name":"Hologramas","item":"https:\/\/www.animaco.net\/category\/hologramas\/"},{"@type":"ListItem","position":3,"name":"Hologramas para Ferias de Tecnolog\u00eda en La Plata"}]},{"@type":"Article","@id":"https:\/\/www.animaco.net\/hologramas-ferias-tecnologia-la-plata\/#article","isPartOf":{"@id":"https:\/\/www.animaco.net\/hologramas-ferias-tecnologia-la-plata\/#webpage"},"author":{"@id":"https:\/\/www.animaco.net\/#\/schema\/person\/fae70956890529fc87db32536fb5ee0b"},"headline":"Hologramas para Ferias de Tecnolog\u00eda en La Plata","datePublished":"2025-04-17T17:20:00+00:00","dateModified":"2025-04-17T17:20:00+00:00","mainEntityOfPage":{"@id":"https:\/\/www.animaco.net\/hologramas-ferias-tecnologia-la-plata\/#webpage"},"wordCount":449,"commentCount":0,"publisher":{"@id":"https:\/\/www.animaco.net\/#organization"},"image":{"@id":"https:\/\/www.animaco.net\/hologramas-ferias-tecnologia-la-plata\/#primaryimage"},"thumbnailUrl":"https:\/\/www.animaco.net\/wp-content\/uploads\/2024\/08\/animacoapic.jpg","keywords":["exhibici\u00f3n interactiva","Ferias de tecnolog\u00eda","fieston","fieston holograma","hologramas para ferias","innovaci\u00f3n hologr\u00e1fica","interacci\u00f3n hologr\u00e1fica","janos holograma","La Plata","marco hologr\u00e1fico","M\u00f3dulo Cubo","M\u00f3dulo Zeta","stand de tecnolog\u00eda","visual magic holograma"],"articleSection":["Hologramas"],"inLanguage":"en-US","potentialAction":[{"@type":"CommentAction","name":"Comment","target":["https:\/\/www.animaco.net\/hologramas-ferias-tecnologia-la-plata\/#respond"]}]},{"@type":"Person","@id":"https:\/\/www.animaco.net\/#\/schema\/person\/fae70956890529fc87db32536fb5ee0b","name":"Animaco","image":{"@type":"ImageObject","@id":"https:\/\/www.animaco.net\/#personlogo","inLanguage":"en-US","url":"https:\/\/secure.gravatar.com\/avatar\/5b52c88852799c7afd8876740f0271db?s=96&d=mm&r=g","contentUrl":"https:\/\/secure.gravatar.com\/avatar\/5b52c88852799c7afd8876740f0271db?s=96&d=mm&r=g","caption":"Animaco"},"description":"Tecnolog\u00edas Futuras","sameAs":["https:\/\/animaco.net"]}]}},"_links":{"self":[{"href":"https:\/\/www.animaco.net\/en\/wp-json\/wp\/v2\/posts\/5771"}],"collection":[{"href":"https:\/\/www.animaco.net\/en\/wp-json\/wp\/v2\/posts"}],"about":[{"href":"https:\/\/www.animaco.net\/en\/wp-json\/wp\/v2\/types\/post"}],"author":[{"embeddable":true,"href":"https:\/\/www.animaco.net\/en\/wp-json\/wp\/v2\/users\/3"}],"replies":[{"embeddable":true,"href":"https:\/\/www.animaco.net\/en\/wp-json\/wp\/v2\/comments?post=5771"}],"version-history":[{"count":0,"href":"https:\/\/www.animaco.net\/en\/wp-json\/wp\/v2\/posts\/5771\/revisions"}],"wp:attachment":[{"href":"https:\/\/www.animaco.net\/en\/wp-json\/wp\/v2\/media?parent=5771"}],"wp:term":[{"taxonomy":"category","embeddable":true,"href":"https:\/\/www.animaco.net\/en\/wp-json\/wp\/v2\/categories?post=5771"},{"taxonomy":"post_tag","embeddable":true,"href":"https:\/\/www.animaco.net\/en\/wp-json\/wp\/v2\/tags?post=5771"}],"curies":[{"name":"wp","href":"https:\/\/api.w.org\/{rel}","templated":true}]}}