{"id":5922,"date":"2025-05-25T10:00:00","date_gmt":"2025-05-25T13:00:00","guid":{"rendered":"https:\/\/www.animaco.net\/?p=5922"},"modified":"2025-05-25T10:00:00","modified_gmt":"2025-05-25T13:00:00","slug":"hologramas-proyeccion-ferias-internacionales","status":"publish","type":"post","link":"https:\/\/www.animaco.net\/en\/hologramas-proyeccion-ferias-internacionales\/","title":{"rendered":"Hologramas de Proyecci\u00f3n para Ferias Internacionales"},"content":{"rendered":"<p>Las ferias internacionales son el escenario perfecto para destacar con tecnolog\u00eda de punta y dejar una impresi\u00f3n perdurable en los asistentes. Nada transmite innovaci\u00f3n y sofisticaci\u00f3n como los hologramas de proyecci\u00f3n de Animaco, que tienen la capacidad no solo de captar miradas pasajeras, sino de mantener el inter\u00e9s y generar conversaciones alrededor de tu stand.<\/p><ul><li><b>Ventajas de utilizar hologramas en ferias:<\/b><\/li><li><b>Impacto visual asombroso<\/b>: Un holograma bien dise\u00f1ado no es solo una imagen; es una experiencia que invita al espectador a detenerse, observar detenidamente e interactuar.<\/li><li><b>Interacci\u00f3n personalizada<\/b>: Los hologramas permiten una infinita posibilidad de interacciones, desde un simple saludo hasta una experiencia totalmente interactiva controlada por voz o gestos.<\/li><\/ul><p>Uno de nuestros clientes, en el **Centro Comercial I\u00f1aquito en Quito, Ecuador**, aplic\u00f3 los hologramas de pie para recibir a los visitantes de una manera innovadora y memorable. Nuestro <b>Marco Hologr\u00e1fico<\/b> fue la estrella del evento, permitiendo la interacci\u00f3n del p\u00fablico mediante control de voz.<\/p>\n<iframe loading=\"lazy\" title=\"Presentadora Holografica para Gobierno de la Ciudad\" width=\"1080\" height=\"608\" src=\"https:\/\/www.youtube.com\/embed\/2YBfeL4WZGE?feature=oembed\" frameborder=\"0\" allow=\"accelerometer; autoplay; clipboard-write; encrypted-media; gyroscope; picture-in-picture; web-share\" referrerpolicy=\"strict-origin-when-cross-origin\" allowfullscreen><\/iframe>\n<p>El **M\u00f3dulo Zeta** es otra excelente opci\u00f3n para las ferias. Su dise\u00f1o estilizado y la posibilidad de ser colocado sobre una mesa est\u00e1ndar, lo hacen especialmente vers\u00e1til para presentar productos o informaci\u00f3n de manera atractiva sin ocupar demasiado espacio clave del stand.<\/p><figure class='wp-block-image'><img src='https:\/\/www.animaco.net\/wp-content\/uploads\/2024\/08\/2024-08-21_04-01-47-e1725862958180-edited.jpg' alt='M\u00f3dulo Zeta en acci\u00f3n' \/><\/figure><p>Otra opci\u00f3n son nuestros **Hologramas de Escenario**, ideales si quer\u00e9s realizar una presentaci\u00f3n en vivo durante la feria. Estos no solo son perfectos para escenas amplias, sino que tambi\u00e9n permiten presentaciones en tiempo real desde cualquier parte del mundo, como se mostr\u00f3 en el Congreso del bicentenario en el Hotel Intercontinental Buenos Aires.<\/p>\n<iframe loading=\"lazy\" title=\"Escenario Hologr\u00e1fico | Congreso del bicentenario flebolinfo2016| @Hotel Internacional Buenos Aires\" width=\"1080\" height=\"608\" src=\"https:\/\/www.youtube.com\/embed\/xjtJzSyylXU?feature=oembed\" frameborder=\"0\" allow=\"accelerometer; autoplay; clipboard-write; encrypted-media; gyroscope; picture-in-picture; web-share\" referrerpolicy=\"strict-origin-when-cross-origin\" allowfullscreen><\/iframe>\n<p>Muchos expositores tambi\u00e9n optan por la opci\u00f3n de realidad aumentada, colocando sus productos dentro de un <b>M\u00f3dulo Cubo<\/b>, logrando una fusi\u00f3n entre el mundo f\u00edsico y el digital, similar a lo que hicimos en el evento de <b>Expo Rural 2019<\/b> para PSA.<\/p>\n<iframe loading=\"lazy\" title=\"Sistemas hologr\u00e1ficos en Expo Rural 2019\" width=\"1080\" height=\"608\" src=\"https:\/\/www.youtube.com\/embed\/tE9lHQU5TrY?feature=oembed\" frameborder=\"0\" allow=\"accelerometer; autoplay; clipboard-write; encrypted-media; gyroscope; picture-in-picture; web-share\" referrerpolicy=\"strict-origin-when-cross-origin\" allowfullscreen><\/iframe>\n<p>Animaco ha tenido la oportunidad de trabajar con reconocidas empresas como BBVA y Digital House, integrando estos sistemas en eventos donde la innovaci\u00f3n tecnol\u00f3gica estaba al frente. Si est\u00e1s pensando en llevar tu presentaci\u00f3n en ferias a un nuevo nivel, nuestros hologramas son tu mejor aliado.<\/p><figure class='wp-block-image'><img src='https:\/\/www.animaco.net\/wp-content\/uploads\/2024\/08\/animacoapic.jpg' alt='Logo de Animaco en un escenario hologr\u00e1fico' \/><\/figure>","protected":false},"excerpt":{"rendered":"<p>Las ferias internacionales son el escenario perfecto para destacar con tecnolog\u00eda de punta y dejar una impresi\u00f3n perdurable en los asistentes. Nada transmite innovaci\u00f3n y sofisticaci\u00f3n como los hologramas de&#8230;<\/p>","protected":false},"author":3,"featured_media":0,"comment_status":"open","ping_status":"open","sticky":false,"template":"","format":"standard","meta":[],"categories":[178],"tags":[2035,1046,2445,2446,43,114,108,146,3398,2447,66,129,127,2448],"yoast_head":"<!-- This site is optimized with the Yoast SEO Premium plugin v16.9 (Yoast SEO v16.9) - https:\/\/yoast.com\/wordpress\/plugins\/seo\/ -->\n<title>Hologramas de Proyecci\u00f3n para Ferias Internacionales - Animaco<\/title>\n<meta name=\"description\" content=\"Impulsa tu marca en ferias internacionales con hologramas fascinantes.\" \/>\n<meta name=\"robots\" content=\"index, follow, max-snippet:-1, max-image-preview:large, max-video-preview:-1\" \/>\n<link rel=\"canonical\" href=\"https:\/\/www.animaco.net\/en\/hologramas-proyeccion-ferias-internacionales\/\" \/>\n<meta property=\"og:locale\" content=\"en_US\" \/>\n<meta property=\"og:type\" content=\"article\" \/>\n<meta property=\"og:title\" content=\"Hologramas de Proyecci\u00f3n para Ferias Internacionales\" \/>\n<meta property=\"og:description\" content=\"Impulsa tu marca en ferias internacionales con hologramas fascinantes.\" \/>\n<meta property=\"og:url\" content=\"https:\/\/www.animaco.net\/en\/hologramas-proyeccion-ferias-internacionales\/\" \/>\n<meta property=\"og:site_name\" content=\"Animaco\" \/>\n<meta property=\"article:publisher\" content=\"https:\/\/www.facebook.com\/Animaconet\" \/>\n<meta property=\"article:published_time\" content=\"2025-05-25T13:00:00+00:00\" \/>\n<meta property=\"og:image\" content=\"https:\/\/www.animaco.net\/wp-content\/uploads\/2024\/08\/2024-08-21_04-01-47-e1725862958180-edited.jpg\" \/>\n<meta name=\"twitter:card\" content=\"summary_large_image\" \/>\n<meta name=\"twitter:label1\" content=\"Written by\" \/>\n\t<meta name=\"twitter:data1\" content=\"Animaco\" \/>\n\t<meta name=\"twitter:label2\" content=\"Est. reading time\" \/>\n\t<meta name=\"twitter:data2\" content=\"2 minutes\" \/>\n<script type=\"application\/ld+json\" class=\"yoast-schema-graph\">{\"@context\":\"https:\/\/schema.org\",\"@graph\":[{\"@type\":\"Organization\",\"@id\":\"https:\/\/www.animaco.net\/#organization\",\"name\":\"Animaco\",\"url\":\"https:\/\/www.animaco.net\/\",\"sameAs\":[\"https:\/\/www.facebook.com\/Animaconet\",\"https:\/\/www.instagram.com\/animaconet\",\"https:\/\/www.linkedin.com\/company\/71689351\",\"https:\/\/www.youtube.com\/@AnimacoNett\"],\"logo\":{\"@type\":\"ImageObject\",\"@id\":\"https:\/\/www.animaco.net\/#logo\",\"inLanguage\":\"en-US\",\"url\":\"https:\/\/www.animaco.net\/wp-content\/uploads\/2018\/04\/animaco-logo-2017-min.png\",\"contentUrl\":\"https:\/\/www.animaco.net\/wp-content\/uploads\/2018\/04\/animaco-logo-2017-min.png\",\"width\":121,\"height\":34,\"caption\":\"Animaco\"},\"image\":{\"@id\":\"https:\/\/www.animaco.net\/#logo\"}},{\"@type\":\"WebSite\",\"@id\":\"https:\/\/www.animaco.net\/#website\",\"url\":\"https:\/\/www.animaco.net\/\",\"name\":\"Animaco\",\"description\":\"Animaco crea experiencias totalmente futuristas y desarrolla proyectos innovadores con el uso de nuevas tecnolog\\u00edas\",\"publisher\":{\"@id\":\"https:\/\/www.animaco.net\/#organization\"},\"potentialAction\":[{\"@type\":\"SearchAction\",\"target\":{\"@type\":\"EntryPoint\",\"urlTemplate\":\"https:\/\/www.animaco.net\/?s={search_term_string}\"},\"query-input\":\"required name=search_term_string\"}],\"inLanguage\":\"en-US\"},{\"@type\":\"ImageObject\",\"@id\":\"https:\/\/www.animaco.net\/hologramas-proyeccion-ferias-internacionales\/#primaryimage\",\"inLanguage\":\"en-US\",\"url\":\"https:\/\/www.animaco.net\/wp-content\/uploads\/2024\/08\/2024-08-21_04-01-47-e1725862958180-edited.jpg\",\"contentUrl\":\"https:\/\/www.animaco.net\/wp-content\/uploads\/2024\/08\/2024-08-21_04-01-47-e1725862958180-edited.jpg\"},{\"@type\":[\"WebPage\",\"ItemPage\"],\"@id\":\"https:\/\/www.animaco.net\/hologramas-proyeccion-ferias-internacionales\/#webpage\",\"url\":\"https:\/\/www.animaco.net\/hologramas-proyeccion-ferias-internacionales\/\",\"name\":\"Hologramas de Proyecci\\u00f3n para Ferias Internacionales - Animaco\",\"isPartOf\":{\"@id\":\"https:\/\/www.animaco.net\/#website\"},\"primaryImageOfPage\":{\"@id\":\"https:\/\/www.animaco.net\/hologramas-proyeccion-ferias-internacionales\/#primaryimage\"},\"datePublished\":\"2025-05-25T13:00:00+00:00\",\"dateModified\":\"2025-05-25T13:00:00+00:00\",\"description\":\"Impulsa tu marca en ferias internacionales con hologramas fascinantes.\",\"breadcrumb\":{\"@id\":\"https:\/\/www.animaco.net\/hologramas-proyeccion-ferias-internacionales\/#breadcrumb\"},\"inLanguage\":\"en-US\",\"potentialAction\":[{\"@type\":\"ReadAction\",\"target\":[\"https:\/\/www.animaco.net\/hologramas-proyeccion-ferias-internacionales\/\"]}]},{\"@type\":\"BreadcrumbList\",\"@id\":\"https:\/\/www.animaco.net\/hologramas-proyeccion-ferias-internacionales\/#breadcrumb\",\"itemListElement\":[{\"@type\":\"ListItem\",\"position\":1,\"name\":\"Inicio\",\"item\":\"https:\/\/www.animaco.net\/\"},{\"@type\":\"ListItem\",\"position\":2,\"name\":\"Hologramas\",\"item\":\"https:\/\/www.animaco.net\/category\/hologramas\/\"},{\"@type\":\"ListItem\",\"position\":3,\"name\":\"Hologramas de Proyecci\\u00f3n para Ferias Internacionales\"}]},{\"@type\":\"Article\",\"@id\":\"https:\/\/www.animaco.net\/hologramas-proyeccion-ferias-internacionales\/#article\",\"isPartOf\":{\"@id\":\"https:\/\/www.animaco.net\/hologramas-proyeccion-ferias-internacionales\/#webpage\"},\"author\":{\"@id\":\"https:\/\/www.animaco.net\/#\/schema\/person\/fae70956890529fc87db32536fb5ee0b\"},\"headline\":\"Hologramas de Proyecci\\u00f3n para Ferias Internacionales\",\"datePublished\":\"2025-05-25T13:00:00+00:00\",\"dateModified\":\"2025-05-25T13:00:00+00:00\",\"mainEntityOfPage\":{\"@id\":\"https:\/\/www.animaco.net\/hologramas-proyeccion-ferias-internacionales\/#webpage\"},\"wordCount\":399,\"commentCount\":0,\"publisher\":{\"@id\":\"https:\/\/www.animaco.net\/#organization\"},\"image\":{\"@id\":\"https:\/\/www.animaco.net\/hologramas-proyeccion-ferias-internacionales\/#primaryimage\"},\"thumbnailUrl\":\"https:\/\/www.animaco.net\/wp-content\/uploads\/2024\/08\/2024-08-21_04-01-47-e1725862958180-edited.jpg\",\"keywords\":[\"eventos de tecnolog\\u00eda\",\"ferias internacionales\",\"fieston\",\"fieston holograma\",\"hologramas\",\"hologramas de escenario\",\"impacto visual\",\"innovaci\\u00f3n en ferias\",\"interacci\\u00f3n personalizada\",\"janos holograma\",\"marco hologr\\u00e1fico\",\"M\\u00f3dulo Zeta\",\"realidad aumentada\",\"visual magic holograma\"],\"articleSection\":[\"Hologramas\"],\"inLanguage\":\"en-US\",\"potentialAction\":[{\"@type\":\"CommentAction\",\"name\":\"Comment\",\"target\":[\"https:\/\/www.animaco.net\/hologramas-proyeccion-ferias-internacionales\/#respond\"]}]},{\"@type\":\"Person\",\"@id\":\"https:\/\/www.animaco.net\/#\/schema\/person\/fae70956890529fc87db32536fb5ee0b\",\"name\":\"Animaco\",\"image\":{\"@type\":\"ImageObject\",\"@id\":\"https:\/\/www.animaco.net\/#personlogo\",\"inLanguage\":\"en-US\",\"url\":\"https:\/\/secure.gravatar.com\/avatar\/5b52c88852799c7afd8876740f0271db?s=96&d=mm&r=g\",\"contentUrl\":\"https:\/\/secure.gravatar.com\/avatar\/5b52c88852799c7afd8876740f0271db?s=96&d=mm&r=g\",\"caption\":\"Animaco\"},\"description\":\"Tecnolog\\u00edas Futuras\",\"sameAs\":[\"https:\/\/animaco.net\"]}]}<\/script>\n<!-- \/ Yoast SEO Premium plugin. -->","yoast_head_json":{"title":"Hologramas de Proyecci\u00f3n para Ferias Internacionales - Animaco","description":"Impulsa tu marca en ferias internacionales con hologramas fascinantes.","robots":{"index":"index","follow":"follow","max-snippet":"max-snippet:-1","max-image-preview":"max-image-preview:large","max-video-preview":"max-video-preview:-1"},"canonical":"https:\/\/www.animaco.net\/en\/hologramas-proyeccion-ferias-internacionales\/","og_locale":"en_US","og_type":"article","og_title":"Hologramas de Proyecci\u00f3n para Ferias Internacionales","og_description":"Impulsa tu marca en ferias internacionales con hologramas fascinantes.","og_url":"https:\/\/www.animaco.net\/en\/hologramas-proyeccion-ferias-internacionales\/","og_site_name":"Animaco","article_publisher":"https:\/\/www.facebook.com\/Animaconet","article_published_time":"2025-05-25T13:00:00+00:00","og_image":[{"url":"https:\/\/www.animaco.net\/wp-content\/uploads\/2024\/08\/2024-08-21_04-01-47-e1725862958180-edited.jpg"}],"twitter_card":"summary_large_image","twitter_misc":{"Written by":"Animaco","Est. reading time":"2 minutes"},"schema":{"@context":"https:\/\/schema.org","@graph":[{"@type":"Organization","@id":"https:\/\/www.animaco.net\/#organization","name":"Animaco","url":"https:\/\/www.animaco.net\/","sameAs":["https:\/\/www.facebook.com\/Animaconet","https:\/\/www.instagram.com\/animaconet","https:\/\/www.linkedin.com\/company\/71689351","https:\/\/www.youtube.com\/@AnimacoNett"],"logo":{"@type":"ImageObject","@id":"https:\/\/www.animaco.net\/#logo","inLanguage":"en-US","url":"https:\/\/www.animaco.net\/wp-content\/uploads\/2018\/04\/animaco-logo-2017-min.png","contentUrl":"https:\/\/www.animaco.net\/wp-content\/uploads\/2018\/04\/animaco-logo-2017-min.png","width":121,"height":34,"caption":"Animaco"},"image":{"@id":"https:\/\/www.animaco.net\/#logo"}},{"@type":"WebSite","@id":"https:\/\/www.animaco.net\/#website","url":"https:\/\/www.animaco.net\/","name":"Animaco","description":"Animaco crea experiencias totalmente futuristas y desarrolla proyectos innovadores con el uso de nuevas tecnolog\u00edas","publisher":{"@id":"https:\/\/www.animaco.net\/#organization"},"potentialAction":[{"@type":"SearchAction","target":{"@type":"EntryPoint","urlTemplate":"https:\/\/www.animaco.net\/?s={search_term_string}"},"query-input":"required name=search_term_string"}],"inLanguage":"en-US"},{"@type":"ImageObject","@id":"https:\/\/www.animaco.net\/hologramas-proyeccion-ferias-internacionales\/#primaryimage","inLanguage":"en-US","url":"https:\/\/www.animaco.net\/wp-content\/uploads\/2024\/08\/2024-08-21_04-01-47-e1725862958180-edited.jpg","contentUrl":"https:\/\/www.animaco.net\/wp-content\/uploads\/2024\/08\/2024-08-21_04-01-47-e1725862958180-edited.jpg"},{"@type":["WebPage","ItemPage"],"@id":"https:\/\/www.animaco.net\/hologramas-proyeccion-ferias-internacionales\/#webpage","url":"https:\/\/www.animaco.net\/hologramas-proyeccion-ferias-internacionales\/","name":"Hologramas de Proyecci\u00f3n para Ferias Internacionales - Animaco","isPartOf":{"@id":"https:\/\/www.animaco.net\/#website"},"primaryImageOfPage":{"@id":"https:\/\/www.animaco.net\/hologramas-proyeccion-ferias-internacionales\/#primaryimage"},"datePublished":"2025-05-25T13:00:00+00:00","dateModified":"2025-05-25T13:00:00+00:00","description":"Impulsa tu marca en ferias internacionales con hologramas fascinantes.","breadcrumb":{"@id":"https:\/\/www.animaco.net\/hologramas-proyeccion-ferias-internacionales\/#breadcrumb"},"inLanguage":"en-US","potentialAction":[{"@type":"ReadAction","target":["https:\/\/www.animaco.net\/hologramas-proyeccion-ferias-internacionales\/"]}]},{"@type":"BreadcrumbList","@id":"https:\/\/www.animaco.net\/hologramas-proyeccion-ferias-internacionales\/#breadcrumb","itemListElement":[{"@type":"ListItem","position":1,"name":"Inicio","item":"https:\/\/www.animaco.net\/"},{"@type":"ListItem","position":2,"name":"Hologramas","item":"https:\/\/www.animaco.net\/category\/hologramas\/"},{"@type":"ListItem","position":3,"name":"Hologramas de Proyecci\u00f3n para Ferias Internacionales"}]},{"@type":"Article","@id":"https:\/\/www.animaco.net\/hologramas-proyeccion-ferias-internacionales\/#article","isPartOf":{"@id":"https:\/\/www.animaco.net\/hologramas-proyeccion-ferias-internacionales\/#webpage"},"author":{"@id":"https:\/\/www.animaco.net\/#\/schema\/person\/fae70956890529fc87db32536fb5ee0b"},"headline":"Hologramas de Proyecci\u00f3n para Ferias Internacionales","datePublished":"2025-05-25T13:00:00+00:00","dateModified":"2025-05-25T13:00:00+00:00","mainEntityOfPage":{"@id":"https:\/\/www.animaco.net\/hologramas-proyeccion-ferias-internacionales\/#webpage"},"wordCount":399,"commentCount":0,"publisher":{"@id":"https:\/\/www.animaco.net\/#organization"},"image":{"@id":"https:\/\/www.animaco.net\/hologramas-proyeccion-ferias-internacionales\/#primaryimage"},"thumbnailUrl":"https:\/\/www.animaco.net\/wp-content\/uploads\/2024\/08\/2024-08-21_04-01-47-e1725862958180-edited.jpg","keywords":["eventos de tecnolog\u00eda","ferias internacionales","fieston","fieston holograma","hologramas","hologramas de escenario","impacto visual","innovaci\u00f3n en ferias","interacci\u00f3n personalizada","janos holograma","marco hologr\u00e1fico","M\u00f3dulo Zeta","realidad aumentada","visual magic holograma"],"articleSection":["Hologramas"],"inLanguage":"en-US","potentialAction":[{"@type":"CommentAction","name":"Comment","target":["https:\/\/www.animaco.net\/hologramas-proyeccion-ferias-internacionales\/#respond"]}]},{"@type":"Person","@id":"https:\/\/www.animaco.net\/#\/schema\/person\/fae70956890529fc87db32536fb5ee0b","name":"Animaco","image":{"@type":"ImageObject","@id":"https:\/\/www.animaco.net\/#personlogo","inLanguage":"en-US","url":"https:\/\/secure.gravatar.com\/avatar\/5b52c88852799c7afd8876740f0271db?s=96&d=mm&r=g","contentUrl":"https:\/\/secure.gravatar.com\/avatar\/5b52c88852799c7afd8876740f0271db?s=96&d=mm&r=g","caption":"Animaco"},"description":"Tecnolog\u00edas Futuras","sameAs":["https:\/\/animaco.net"]}]}},"_links":{"self":[{"href":"https:\/\/www.animaco.net\/en\/wp-json\/wp\/v2\/posts\/5922"}],"collection":[{"href":"https:\/\/www.animaco.net\/en\/wp-json\/wp\/v2\/posts"}],"about":[{"href":"https:\/\/www.animaco.net\/en\/wp-json\/wp\/v2\/types\/post"}],"author":[{"embeddable":true,"href":"https:\/\/www.animaco.net\/en\/wp-json\/wp\/v2\/users\/3"}],"replies":[{"embeddable":true,"href":"https:\/\/www.animaco.net\/en\/wp-json\/wp\/v2\/comments?post=5922"}],"version-history":[{"count":0,"href":"https:\/\/www.animaco.net\/en\/wp-json\/wp\/v2\/posts\/5922\/revisions"}],"wp:attachment":[{"href":"https:\/\/www.animaco.net\/en\/wp-json\/wp\/v2\/media?parent=5922"}],"wp:term":[{"taxonomy":"category","embeddable":true,"href":"https:\/\/www.animaco.net\/en\/wp-json\/wp\/v2\/categories?post=5922"},{"taxonomy":"post_tag","embeddable":true,"href":"https:\/\/www.animaco.net\/en\/wp-json\/wp\/v2\/tags?post=5922"}],"curies":[{"name":"wp","href":"https:\/\/api.w.org\/{rel}","templated":true}]}}